{"id":54488,"date":"2025-09-01T19:54:15","date_gmt":"2025-09-01T19:54:15","guid":{"rendered":"https:\/\/www.europesays.com\/pt\/54488\/"},"modified":"2025-09-01T19:54:15","modified_gmt":"2025-09-01T19:54:15","slug":"schuby-schutz-anuncia-collab-com-furby-inspirado-na-tendencia-dos-labubus-gkpb","status":"publish","type":"post","link":"https:\/\/www.europesays.com\/pt\/54488\/","title":{"rendered":"Schuby: Schutz anuncia collab com Furby inspirado na tend\u00eancia dos Labubus &#8211; GKPB"},"content":{"rendered":"<p>A <strong><a href=\"https:\/\/gkpb.com.br\/tag\/schutz\/\" rel=\"nofollow noopener\" target=\"_blank\">Schutz<\/a><\/strong>, marca brasileira de moda pertencente ao grupo Arezzo&amp;Co, anunciou que est\u00e1 mergulhando no universo dos bag charms para o lan\u00e7amento de uma cole\u00e7\u00e3o de acess\u00f3rios para bolsas em parceria com os ic\u00f4nicos <strong><a href=\"https:\/\/gkpb.com.br\/tag\/furby\/\" rel=\"nofollow noopener\" target=\"_blank\">Furbys<\/a><\/strong>, brinquedo eletr\u00f3nico de pel\u00facia que foram um sucesso durante os anos 90.<\/p>\n<p>Intitulado <strong>Schuby<\/strong>, uma combina\u00e7\u00e3o dos nomes Schutz e Furby, a cole\u00e7\u00e3o conta com seis vers\u00f5es limitadas: <strong>Sleepy<\/strong>, <strong>Fancy<\/strong>, <strong>Gym<\/strong>, <strong>Summer<\/strong>, <strong>Rocky<\/strong> e <strong>Sporty<\/strong>. A novidade chega em meio ao fen\u00f4meno mundial Labubu,<strong> boneco colecion\u00e1vel de pel\u00facia <\/strong>que se tornou item de desejo entre a Gera\u00e7\u00e3o Z depois que <strong>Lisa<\/strong>, integrante do<strong> Black Pink<\/strong>, usou em uma ocasi\u00e3o. Confira:<\/p>\n<p><img fetchpriority=\"high\" decoding=\"async\" width=\"683\" height=\"1024\" data-attachment-id=\"182137\" data-permalink=\"https:\/\/gkpb.com.br\/182136\/schutz-furby\/schuby-schutz-furby\/\" data-orig-file=\"https:\/\/www.europesays.com\/pt\/wp-content\/uploads\/2025\/09\/schuby-schutz-furby.jpg\" data-orig-size=\"683,1024\" data-comments-opened=\"0\" data-image-meta=\"{&quot;aperture&quot;:&quot;0&quot;,&quot;credit&quot;:&quot;&quot;,&quot;camera&quot;:&quot;&quot;,&quot;caption&quot;:&quot;&quot;,&quot;created_timestamp&quot;:&quot;0&quot;,&quot;copyright&quot;:&quot;&quot;,&quot;focal_length&quot;:&quot;0&quot;,&quot;iso&quot;:&quot;0&quot;,&quot;shutter_speed&quot;:&quot;0&quot;,&quot;title&quot;:&quot;&quot;,&quot;orientation&quot;:&quot;0&quot;}\" data-image-title=\"schuby-schutz-furby\" data-image-description=\"\" data-image-caption=\"\" data-medium-file=\"https:\/\/gkpb.com.br\/wp-content\/uploads\/2025\/09\/schuby-schutz-furby-534x800.jpg\" data-large-file=\"https:\/\/www.europesays.com\/pt\/wp-content\/uploads\/2025\/09\/schuby-schutz-furby.jpg\" src=\"data:image\/svg+xml,%3Csvg%20xmlns=\" http:=\"\" alt=\"\" data-lazy- data-lazy- data-lazy-src=\"https:\/\/www.europesays.com\/pt\/wp-content\/uploads\/2025\/09\/schuby-schutz-furby.jpg\"\/><\/p>\n<p>Cole\u00e7\u00e3o Schuby da Schutz com bag charms em parceria com os Furbys, apresentando seis ador\u00e1veis vers\u00f5es limitadas.<\/p>\n<p>Para deixar a cole\u00e7\u00e3o ainda mais emocionante, os produtos da collab entre Furby e Schutz ser\u00e3o comercializados em blind boxes, embalagens misteriosas e lacradas que cont\u00eam um itens colecion\u00e1veis , cujo conte\u00fado n\u00e3o \u00e9 revelado at\u00e9 a abertura da caixa.<\/p>\n<p>Sobre Furby<\/p>\n<p>Furby \u00e9 um\u00a0brinquedo eletr\u00f3nico de pel\u00facia, originalmente lan\u00e7ado na d\u00e9cada de 1990 pela\u00a0Tiger Electronics\u00a0e posteriormente pela\u00a0Hasbro,\u00a0que simula uma criatura fofa com olhinhos expressivos e movimentos, comunicando-se em sua pr\u00f3pria l\u00edngua, o Furbish, al\u00e9m de interagir com comandos de voz e toques.\u00a0Ele foi um sucesso por combinar caracter\u00edsticas de brinquedos cl\u00e1ssicos, como pel\u00facias e rob\u00f4s, com uma tecnologia que remetia \u00e0 intelig\u00eancia artificial, cativando crian\u00e7as e, em sua \u00e9poca, at\u00e9 os adultos.\u00a0<\/p>\n<p>Para mais informa\u00e7\u00f5es, acesse o<strong><a href=\"https:\/\/www.instagram.com\/schutzoficial\/\" target=\"_blank\" rel=\"noreferrer noopener nofollow\"> perfil oficial<\/a><\/strong> da marca no Instagram.<\/p>\n<p><script async src=\"\/\/www.instagram.com\/embed.js\"><\/script><\/p>\n","protected":false},"excerpt":{"rendered":"A Schutz, marca brasileira de moda pertencente ao grupo Arezzo&amp;Co, anunciou que est\u00e1 mergulhando no universo dos bag&hellip;\n","protected":false},"author":2,"featured_media":54489,"comment_status":"","ping_status":"","sticky":false,"template":"","format":"standard","meta":{"footnotes":""},"categories":[84],"tags":[109,107,108,15688,15689,271,1079,32,33,15690,105,103,104,106,110],"class_list":{"0":"post-54488","1":"post","2":"type-post","3":"status-publish","4":"format-standard","5":"has-post-thumbnail","7":"category-ciencia-e-tecnologia","8":"tag-ciencia","9":"tag-ciencia-e-tecnologia","10":"tag-cienciaetecnologia","11":"tag-furby","12":"tag-labubu","13":"tag-lancamento","14":"tag-moda","15":"tag-portugal","16":"tag-pt","17":"tag-schutz","18":"tag-science","19":"tag-science-and-technology","20":"tag-scienceandtechnology","21":"tag-technology","22":"tag-tecnologia"},"share_on_mastodon":{"url":"","error":""},"_links":{"self":[{"href":"https:\/\/www.europesays.com\/pt\/wp-json\/wp\/v2\/posts\/54488","targetHints":{"allow":["GET"]}}],"collection":[{"href":"https:\/\/www.europesays.com\/pt\/wp-json\/wp\/v2\/posts"}],"about":[{"href":"https:\/\/www.europesays.com\/pt\/wp-json\/wp\/v2\/types\/post"}],"author":[{"embeddable":true,"href":"https:\/\/www.europesays.com\/pt\/wp-json\/wp\/v2\/users\/2"}],"replies":[{"embeddable":true,"href":"https:\/\/www.europesays.com\/pt\/wp-json\/wp\/v2\/comments?post=54488"}],"version-history":[{"count":0,"href":"https:\/\/www.europesays.com\/pt\/wp-json\/wp\/v2\/posts\/54488\/revisions"}],"wp:featuredmedia":[{"embeddable":true,"href":"https:\/\/www.europesays.com\/pt\/wp-json\/wp\/v2\/media\/54489"}],"wp:attachment":[{"href":"https:\/\/www.europesays.com\/pt\/wp-json\/wp\/v2\/media?parent=54488"}],"wp:term":[{"taxonomy":"category","embeddable":true,"href":"https:\/\/www.europesays.com\/pt\/wp-json\/wp\/v2\/categories?post=54488"},{"taxonomy":"post_tag","embeddable":true,"href":"https:\/\/www.europesays.com\/pt\/wp-json\/wp\/v2\/tags?post=54488"}],"curies":[{"name":"wp","href":"https:\/\/api.w.org\/{rel}","templated":true}]}}