{"id":54492,"date":"2025-09-01T19:58:09","date_gmt":"2025-09-01T19:58:09","guid":{"rendered":"https:\/\/www.europesays.com\/pt\/54492\/"},"modified":"2025-09-01T19:58:09","modified_gmt":"2025-09-01T19:58:09","slug":"sporting-conrad-harder-fechado-no-rb-leipzig","status":"publish","type":"post","link":"https:\/\/www.europesays.com\/pt\/54492\/","title":{"rendered":"Sporting: Conrad Harder fechado no RB Leipzig"},"content":{"rendered":"<p>Mesmo antes do apito final, uma vez que o mercado na <a target=\"_blank\" class=\"editor-link autolink-enabled\" href=\"https:\/\/www.abola.pt\/futebol\/alemanha-1272\" data-resource-id=\"1272\" data-resource-type=\"team\" data-sport=\"football\" rel=\"nofollow noopener\">Alemanha<\/a> encerrou esta segunda-feira \u00e0s 19 horas, <a target=\"_blank\" class=\"editor-link autolink-enabled\" href=\"https:\/\/www.abola.pt\/futebol\/jogador\/conrad-harder-279751\" data-resource-id=\"279751\" data-resource-type=\"player\" data-sport=\"football\" rel=\"nofollow noopener\">Conrad Harder<\/a> ficou fechado no <a target=\"_blank\" class=\"editor-link autolink-enabled\" href=\"https:\/\/www.abola.pt\/futebol\/rb-leipzig-240\" data-resource-id=\"240\" data-resource-type=\"team\" data-sport=\"football\" rel=\"nofollow noopener\">RB Leipzig<\/a>. O clube da <a target=\"_blank\" class=\"editor-link autolink-enabled\" href=\"https:\/\/www.abola.pt\/futebol\/competicao\/bundesliga-6\" data-resource-id=\"6\" data-resource-type=\"competition\" data-sport=\"football\" rel=\"nofollow noopener\">Bundesliga<\/a> paga ao <a class=\"autolink-enabled\" data-resource-id=\"448\" data-resource-type=\"team\" data-sport=\"football\" href=\"https:\/\/www.abola.pt\/futebol\/sporting-448\" rel=\"nofollow noopener\" target=\"_blank\">Sporting<\/a> 24 milh\u00f5es de euros mais 6 milh\u00f5es por objetivo para garantir o avan\u00e7ado dinamarqu\u00eas de 20 anos que se despediu no s\u00e1bado de Alvalade, no final do cl\u00e1ssico com o <a target=\"_blank\" class=\"editor-link autolink-enabled\" href=\"https:\/\/www.abola.pt\/futebol\/fc-porto-451\" data-resource-id=\"451\" data-resource-type=\"team\" data-sport=\"football\" rel=\"nofollow noopener\">FC Porto<\/a>. Fica ainda com direito a receber 15 por cento do valor da mais-valia em futura transfer\u00eancia.<\/p>\n<p>Foi complicada a sa\u00edda de <a class=\"autolink-enabled\" data-resource-id=\"279751\" data-resource-type=\"player\" data-sport=\"football\" href=\"https:\/\/www.abola.pt\/futebol\/jogador\/conrad-harder-279751\" rel=\"nofollow noopener\" target=\"_blank\">Conrad Harder<\/a>. Esteve com um p\u00e9 no <a class=\"autolink-enabled\" data-resource-id=\"297\" data-resource-type=\"team\" data-sport=\"football\" href=\"https:\/\/www.abola.pt\/futebol\/rennes-297\" rel=\"nofollow noopener\" target=\"_blank\">Rennes<\/a>, outro no <a class=\"autolink-enabled\" data-resource-id=\"245\" data-resource-type=\"team\" data-sport=\"football\" href=\"https:\/\/www.abola.pt\/futebol\/milan-245\" rel=\"nofollow noopener\" target=\"_blank\">Milan<\/a>, outro ainda no <a class=\"autolink-enabled\" data-resource-id=\"82\" data-resource-type=\"team\" data-sport=\"football\" href=\"https:\/\/www.abola.pt\/futebol\/chelsea-82\" rel=\"nofollow noopener\" target=\"_blank\">Chelsea<\/a> mas vai cal\u00e7ar as chuteiras no <a class=\"autolink-enabled\" data-resource-id=\"240\" data-resource-type=\"team\" data-sport=\"football\" href=\"https:\/\/www.abola.pt\/futebol\/rb-leipzig-240\" rel=\"nofollow noopener\" target=\"_blank\">RB Leipzig<\/a> e por valor acima do que esteve acordado com franceses e italianos (23+3).<\/p>\n<p>Tanto o clube da <a class=\"autolink-enabled\" data-resource-id=\"8\" data-resource-type=\"competition\" data-sport=\"football\" href=\"https:\/\/www.abola.pt\/futebol\/competicao\/ligue-1-8\" rel=\"nofollow noopener\" target=\"_blank\">Ligue 1<\/a> como o da <a class=\"autolink-enabled\" data-resource-id=\"7\" data-resource-type=\"competition\" data-sport=\"football\" href=\"https:\/\/www.abola.pt\/futebol\/competicao\/serie-a-7\" rel=\"nofollow noopener\" target=\"_blank\">Serie A<\/a> tiveram entendimento com o <a class=\"autolink-enabled\" data-resource-id=\"448\" data-resource-type=\"team\" data-sport=\"football\" href=\"https:\/\/www.abola.pt\/futebol\/sporting-448\" rel=\"nofollow noopener\" target=\"_blank\">Sporting<\/a> mas ambos cansaram-se de esperar que os verdes e brancos contratassem substituto para o n\u00f3rdico, condi\u00e7\u00e3o essencial para os le\u00f5es libertarem o jogador. <a class=\"autolink-enabled\" data-resource-id=\"187224\" data-resource-type=\"player\" data-sport=\"football\" href=\"https:\/\/www.abola.pt\/futebol\/jogador\/fotis-ioannidis-187224\" rel=\"nofollow noopener\" target=\"_blank\">Ioannidis<\/a>, o substituto, foi esta segunda-feira oficializado e assim <a class=\"autolink-enabled\" data-resource-id=\"279751\" data-resource-type=\"player\" data-sport=\"football\" href=\"https:\/\/www.abola.pt\/futebol\/jogador\/conrad-harder-279751\" rel=\"nofollow noopener\" target=\"_blank\">Harder<\/a> contratado pelos alem\u00e3es.<\/p>\n<p>Al\u00e9m da espera, exig\u00eancias milion\u00e1rias de \u00faltima hora do empres\u00e1rio do atacante, Ibrahim Tasci, estiveram tamb\u00e9m na origem da sa\u00edda de cena de franceses e italianos. No domingo, o <a class=\"autolink-enabled\" data-resource-id=\"82\" data-resource-type=\"team\" data-sport=\"football\" href=\"https:\/\/www.abola.pt\/futebol\/chelsea-82\" rel=\"nofollow noopener\" target=\"_blank\">Chelsea<\/a> ainda encetou conversa\u00e7\u00f5es com os le\u00f5es mas <a class=\"autolink-enabled\" data-resource-id=\"279751\" data-resource-type=\"player\" data-sport=\"football\" href=\"https:\/\/www.abola.pt\/futebol\/jogador\/conrad-harder-279751\" rel=\"nofollow noopener\" target=\"_blank\">Harder<\/a> preferiu o clube da <a class=\"autolink-enabled\" data-resource-id=\"6\" data-resource-type=\"competition\" data-sport=\"football\" href=\"https:\/\/www.abola.pt\/futebol\/competicao\/bundesliga-6\" rel=\"nofollow noopener\" target=\"_blank\">Bundesliga<\/a>, onde acredita ter mais hip\u00f3teses de vingar.<\/p>\n<p>O n\u00f3rdico deixa o <a class=\"autolink-enabled\" data-resource-id=\"448\" data-resource-type=\"team\" data-sport=\"football\" href=\"https:\/\/www.abola.pt\/futebol\/sporting-448\" rel=\"nofollow noopener\" target=\"_blank\">Sporting<\/a> um ano depois, tamb\u00e9m no \u00faltimo dia do mercado. Tinha chegado para ser a alternativa a <a class=\"autolink-enabled\" data-resource-id=\"187224\" data-resource-type=\"player\" data-sport=\"football\" href=\"https:\/\/www.abola.pt\/futebol\/jogador\/fotis-ioannidis-187224\" rel=\"nofollow noopener\" target=\"_blank\">Ioannidis<\/a>, que o <a class=\"autolink-enabled\" data-resource-id=\"551\" data-resource-type=\"team\" data-sport=\"football\" href=\"https:\/\/www.abola.pt\/futebol\/panathinaikos-551\" rel=\"nofollow noopener\" target=\"_blank\">Panathinaikos<\/a> n\u00e3o deixou sair. E agora parte e tem o grego como substituto. De 2024 para 2025 inverteram-se os papeis.<\/p>\n<p><a class=\"autolink-enabled\" data-resource-id=\"279751\" data-resource-type=\"player\" data-sport=\"football\" href=\"https:\/\/www.abola.pt\/futebol\/jogador\/conrad-harder-279751\" rel=\"nofollow noopener\" target=\"_blank\">Harder<\/a> custara 19 milh\u00f5es de euros aos verdes e brancos, oriundo do <a class=\"autolink-enabled\" data-resource-id=\"986\" data-resource-type=\"team\" data-sport=\"football\" href=\"https:\/\/www.abola.pt\/futebol\/nordsjaelland-986\" rel=\"nofollow noopener\" target=\"_blank\">Nordsjaelland<\/a>, e sai do <a class=\"autolink-enabled\" data-resource-id=\"448\" data-resource-type=\"team\" data-sport=\"football\" href=\"https:\/\/www.abola.pt\/futebol\/sporting-448\" rel=\"nofollow noopener\" target=\"_blank\">Sporting<\/a> com 52 jogos, 12 golos e 7 assist\u00eancias.<\/p>\n","protected":false},"excerpt":{"rendered":"Mesmo antes do apito final, uma vez que o mercado na Alemanha encerrou esta segunda-feira \u00e0s 19 horas,&hellip;\n","protected":false},"author":2,"featured_media":50563,"comment_status":"","ping_status":"","sticky":false,"template":"","format":"standard","meta":{"footnotes":""},"categories":[8],"tags":[27,28,15,16,14,25,26,21,22,12,13,19,20,32,23,24,33,17,18,29,30,31],"class_list":{"0":"post-54492","1":"post","2":"type-post","3":"status-publish","4":"format-standard","5":"has-post-thumbnail","7":"category-principais-noticias","8":"tag-breaking-news","9":"tag-breakingnews","10":"tag-featured-news","11":"tag-featurednews","12":"tag-headlines","13":"tag-latest-news","14":"tag-latestnews","15":"tag-main-news","16":"tag-mainnews","17":"tag-news","18":"tag-noticias","19":"tag-noticias-principais","20":"tag-noticiasprincipais","21":"tag-portugal","22":"tag-principais-noticias","23":"tag-principaisnoticias","24":"tag-pt","25":"tag-top-stories","26":"tag-topstories","27":"tag-ultimas","28":"tag-ultimas-noticias","29":"tag-ultimasnoticias"},"share_on_mastodon":{"url":"","error":""},"_links":{"self":[{"href":"https:\/\/www.europesays.com\/pt\/wp-json\/wp\/v2\/posts\/54492","targetHints":{"allow":["GET"]}}],"collection":[{"href":"https:\/\/www.europesays.com\/pt\/wp-json\/wp\/v2\/posts"}],"about":[{"href":"https:\/\/www.europesays.com\/pt\/wp-json\/wp\/v2\/types\/post"}],"author":[{"embeddable":true,"href":"https:\/\/www.europesays.com\/pt\/wp-json\/wp\/v2\/users\/2"}],"replies":[{"embeddable":true,"href":"https:\/\/www.europesays.com\/pt\/wp-json\/wp\/v2\/comments?post=54492"}],"version-history":[{"count":0,"href":"https:\/\/www.europesays.com\/pt\/wp-json\/wp\/v2\/posts\/54492\/revisions"}],"wp:featuredmedia":[{"embeddable":true,"href":"https:\/\/www.europesays.com\/pt\/wp-json\/wp\/v2\/media\/50563"}],"wp:attachment":[{"href":"https:\/\/www.europesays.com\/pt\/wp-json\/wp\/v2\/media?parent=54492"}],"wp:term":[{"taxonomy":"category","embeddable":true,"href":"https:\/\/www.europesays.com\/pt\/wp-json\/wp\/v2\/categories?post=54492"},{"taxonomy":"post_tag","embeddable":true,"href":"https:\/\/www.europesays.com\/pt\/wp-json\/wp\/v2\/tags?post=54492"}],"curies":[{"name":"wp","href":"https:\/\/api.w.org\/{rel}","templated":true}]}}