{"id":54493,"date":"2025-09-01T19:59:11","date_gmt":"2025-09-01T19:59:11","guid":{"rendered":"https:\/\/www.europesays.com\/pt\/54493\/"},"modified":"2025-09-01T19:59:11","modified_gmt":"2025-09-01T19:59:11","slug":"marina-ruy-barbosa-se-revolta-com-criticas-a-aparencia-cabelo-de-palha","status":"publish","type":"post","link":"https:\/\/www.europesays.com\/pt\/54493\/","title":{"rendered":"Marina Ruy Barbosa se revolta com cr\u00edticas a apar\u00eancia: &#8216;Cabelo de palha&#8217;"},"content":{"rendered":"<p>\n                        Um v\u00eddeo da atriz saindo de um dia de trabalho repercutiu nas redes sociais\n                    <\/p>\n<ul class=\"article__header__author\">\n<li class=\"article__header__author__item\">\n                                                                                    <img loading=\"lazy\" decoding=\"async\" src=\"https:\/\/www.europesays.com\/pt\/wp-content\/uploads\/2025\/08\/1756657451_30_microsoftteams-image-(23)-1jy7orqt0u4hi.png\" width=\"32\" height=\"32\" title=\"Reda\u00e7\u00e3o Terra\" alt=\"Reda\u00e7\u00e3o Terra\" class=\"author-picture\"\/><br \/>\n                                                                            Reda\u00e7\u00e3o Terra\n                    <\/li>\n<\/ul>\n<p><img loading=\"lazy\" decoding=\"async\" alt=\"Marina Ruy Barbosa rebate cr\u00edticas sobre o cabelo\" class=\"img-976c8864e20380962ea9fcbf9b960a8bcerufcat\" height=\"435\" src=\"https:\/\/www.europesays.com\/pt\/wp-content\/uploads\/2025\/09\/design-sem-nome-2025-09-01t160013-345-1iyq31gs4c7jq.png\"  title=\"Marina Ruy Barbosa rebate cr\u00edticas sobre o cabelo\" width=\"774\"\/><\/p>\n<p>Marina Ruy Barbosa rebate cr\u00edticas sobre o cabelo<\/p>\n<p>Foto: Reprodu\u00e7\u00e3o\/Instagram<\/p>\n<p class=\"text\">Marina Ruy Barbosa n\u00e3o aguentou cr\u00edticas de internautas calada. A apar\u00eancia da atriz foi alvo de coment\u00e1rios negativos ap\u00f3s um v\u00eddeo dela saindo de um dia de trabalho repercutir nas redes sociais.<\/p>\n<blockquote>\n<\/blockquote>\n<p class=\"text\">No v\u00eddeo, Marina desce do carro para conversar com f\u00e3s que a aguardavam na rua. A atriz aceita tirar fotos com as admiradoras e explica que estava cansada ap\u00f3s o trabalho. &#8220;T\u00f4 com uma carinha de cansada, gente&#8221;, diz ela.<\/p>\n<p class=\"text\">A grava\u00e7\u00e3o foi republicada por algumas p\u00e1ginas de fofoca nas redes sociais, e internautas come\u00e7aram a criticar a atriz, principalmente pelo cabelo dela, <a href=\"https:\/\/www.terra.com.br\/diversao\/gente\/por-que-ficou-loira-saiba-detalhes-sobre-a-transformacao-de-marina-ruy-barbosa,a0906b7af240049688e2296fc4cbec23i8agd89r.html\" rel=\"nofollow noopener\" target=\"_blank\">que foi pintado pela primeira vez neste ano e agora est\u00e1 loiro.<\/a><\/p>\n<p class=\"text\">&#8220;O cabelo s\u00f3 a palha&#8221;, dizia uma cr\u00edtica. &#8220;Caracteriza\u00e7\u00e3o do filme que estou fazendo. Uma cientista que passa meses na Ant\u00e1rtida. A gente constr\u00f3i o cabelo exatamente para deixar com esse aspecto que a trama pede&#8221;, rebateu Marina. &#8220;Ela saiu do natural \u00fanico e saud\u00e1vel para ressecado e arrebentado igual a todas&#8221;, disse outra. &#8220;O cabelo assim faz parte da caracteriza\u00e7\u00e3o da minha personagem nova em um filme que eu estava rodando. Nesse dia, eu estava saindo de um dia de trabalho na madrugada&#8221;, refor\u00e7ou a atriz.<\/p>\n<p class=\"text\">Al\u00e9m das cr\u00edticas pelo cabelo, v\u00e1rias pessoas tamb\u00e9m comentaram que a artista parecia estar b\u00eabada no v\u00eddeo, mas ela afirmou que estava cansada ap\u00f3s encerrar um dia de filmagens na madrugada.<\/p>\n<p class=\"text\">&#8220;Ela t\u00e1 b\u00eabada parece&#8221;, sugeriu um internauta. &#8220;B\u00eabada de cansada, n\u00e9? Gravando o dia todo cenas pesadas. Mesmo exausta, eu sa\u00ed para abra\u00e7ar e receber as pessoas que estavam ali esperando&#8221;, disse Marina. &#8220;Ela est\u00e1 bem? Nada a ver com a mo\u00e7a que estamos acostumados a ver&#8221;, questionou outra. &#8220;Depois de passar o dia todo gravando cenas super s\u00e9rias e intensas, tratando de viol\u00eancia, estupro, sair na madrugada e parar para atender as pessoas deveria ser algo legal, n\u00e3o?&#8221;, indagou Ruy Barbosa.<\/p>\n","protected":false},"excerpt":{"rendered":"Um v\u00eddeo da atriz saindo de um dia de trabalho repercutiu nas redes sociais Reda\u00e7\u00e3o Terra Marina Ruy&hellip;\n","protected":false},"author":2,"featured_media":54494,"comment_status":"","ping_status":"","sticky":false,"template":"","format":"standard","meta":{"footnotes":""},"categories":[145],"tags":[211,210,114,115,32,33],"class_list":{"0":"post-54493","1":"post","2":"type-post","3":"status-publish","4":"format-standard","5":"has-post-thumbnail","7":"category-celebridades","8":"tag-celebridades","9":"tag-celebrities","10":"tag-entertainment","11":"tag-entretenimento","12":"tag-portugal","13":"tag-pt"},"share_on_mastodon":{"url":"","error":""},"_links":{"self":[{"href":"https:\/\/www.europesays.com\/pt\/wp-json\/wp\/v2\/posts\/54493","targetHints":{"allow":["GET"]}}],"collection":[{"href":"https:\/\/www.europesays.com\/pt\/wp-json\/wp\/v2\/posts"}],"about":[{"href":"https:\/\/www.europesays.com\/pt\/wp-json\/wp\/v2\/types\/post"}],"author":[{"embeddable":true,"href":"https:\/\/www.europesays.com\/pt\/wp-json\/wp\/v2\/users\/2"}],"replies":[{"embeddable":true,"href":"https:\/\/www.europesays.com\/pt\/wp-json\/wp\/v2\/comments?post=54493"}],"version-history":[{"count":0,"href":"https:\/\/www.europesays.com\/pt\/wp-json\/wp\/v2\/posts\/54493\/revisions"}],"wp:featuredmedia":[{"embeddable":true,"href":"https:\/\/www.europesays.com\/pt\/wp-json\/wp\/v2\/media\/54494"}],"wp:attachment":[{"href":"https:\/\/www.europesays.com\/pt\/wp-json\/wp\/v2\/media?parent=54493"}],"wp:term":[{"taxonomy":"category","embeddable":true,"href":"https:\/\/www.europesays.com\/pt\/wp-json\/wp\/v2\/categories?post=54493"},{"taxonomy":"post_tag","embeddable":true,"href":"https:\/\/www.europesays.com\/pt\/wp-json\/wp\/v2\/tags?post=54493"}],"curies":[{"name":"wp","href":"https:\/\/api.w.org\/{rel}","templated":true}]}}