{"id":54611,"date":"2025-09-01T21:31:07","date_gmt":"2025-09-01T21:31:07","guid":{"rendered":"https:\/\/www.europesays.com\/pt\/54611\/"},"modified":"2025-09-01T21:31:07","modified_gmt":"2025-09-01T21:31:07","slug":"tendencias-de-decoracao-2025-combinam-conforto-estilo-e-tecnologia","status":"publish","type":"post","link":"https:\/\/www.europesays.com\/pt\/54611\/","title":{"rendered":"Tend\u00eancias de decora\u00e7\u00e3o 2025 combinam conforto, estilo e tecnologia"},"content":{"rendered":"<p>No ano de 2025, as tend\u00eancias de decora\u00e7\u00e3o residencial continuam a evoluir, refletindo o desejo de criar ambientes que s\u00e3o tanto est\u00e9ticos quanto funcionais. As casas modernas buscam incorporar elementos que adicionam personalidade aos espa\u00e7os ao mesmo tempo que maximizam a utilidade. A utiliza\u00e7\u00e3o de cores vibrantes em combina\u00e7\u00e3o com tons neutros \u00e9 uma estrat\u00e9gia popular para criar \u00e1reas acolhedoras e visualmente atraentes. As plantas, por exemplo, ganharam destaque n\u00e3o apenas pela beleza que proporcionam, mas tamb\u00e9m pelos benef\u00edcios de purifica\u00e7\u00e3o do ar.<\/p>\n<p>A escolha adequada de mobili\u00e1rio \u00e9 crucial para otimizar o espa\u00e7o e garantir o conforto. M\u00f3veis modulares e multifuncionais est\u00e3o em alta, pois oferecem flexibilidade e praticidade. Al\u00e9m disso, investir em pe\u00e7as de boa qualidade e design atemporal pode trazer mais longevidade e estilo ao ambiente. Aten\u00e7\u00e3o especial deve ser dada \u00e0 ilumina\u00e7\u00e3o, uma vez que ela pode transformar completamente a atmosfera de um espa\u00e7o. A ilumina\u00e7\u00e3o natural \u00e9 valorizada, complementada por lumin\u00e1rias modernas que criam efeitos visuais interessantes.<\/p>\n<p>Como escolher as cores certas para sua casa?<\/p>\n<p>Escolher as cores certas para a decora\u00e7\u00e3o de uma casa pode parecer desafiador, mas algumas dicas podem tornar esse processo mais simples. Primeiramente, deve-se considerar as emo\u00e7\u00f5es que cada cor pode evocar. Tons azuis, por exemplo, s\u00e3o frequentemente associados \u00e0 calma e tranquilidade, enquanto vermelhos podem energizar um ambiente. Um equil\u00edbrio de cores quentes e frias pode estabelecer um espa\u00e7o harmonioso.<\/p>\n<p>Outra dica \u00e9 optar por uma paleta de cores coesa que flua naturalmente de um c\u00f4modo para outro. Isso n\u00e3o apenas ajuda a criar uma unidade visual, mas tamb\u00e9m pode fazer com que os ambientes pare\u00e7am mais amplos e convidativos. Revisar revistas de decora\u00e7\u00e3o ou usar aplicativos que simulam diferentes cores nas paredes pode ajudar na visualiza\u00e7\u00e3o de como ficar\u00e1 o resultado final.<\/p>\n<p><img loading=\"lazy\" decoding=\"async\" width=\"1024\" height=\"576\" src=\"https:\/\/www.europesays.com\/pt\/wp-content\/uploads\/2025\/09\/cores_1756678788659-1024x576.jpg\" alt=\"Tend\u00eancias de decora\u00e7\u00e3o 2025 combinam conforto, estilo e tecnologia\" class=\"wp-image-54986\" style=\"width:1024px;height:auto\"  \/>Cores \u2013 Cr\u00e9ditos: (depositphotos.com \/ Gelpi)<\/p>\n<p>Quais elementos de decora\u00e7\u00e3o s\u00e3o essenciais?<\/p>\n<p>Al\u00e9m da pintura e do mobili\u00e1rio, os elementos de decora\u00e7\u00e3o como quadros, espelhos e objetos de arte t\u00eam um papel fundamental na personaliza\u00e7\u00e3o da casa. Quadros e arte de parede n\u00e3o apenas embelezam, mas tamb\u00e9m expressam o estilo pessoal de quem reside no local. Espelhos s\u00e3o vers\u00e1teis, pois al\u00e9m de decorarem, podem ampliar visualmente pequenos ambientes.<\/p>\n<p>Investir em tapetes \u00e9 outra op\u00e7\u00e3o inteligente para adicionar textura e calor aos ambientes. Eles tamb\u00e9m ajudam a delimitar \u00e1reas em espa\u00e7os abertos, melhorando a impress\u00e3o de organiza\u00e7\u00e3o. Objetos de decora\u00e7\u00e3o, como cer\u00e2micas e esculturas, podem servir como pontos focais, introduzindo um toque de sofistica\u00e7\u00e3o e atualidade.<\/p>\n<p>Como integrar sustentabilidade na decora\u00e7\u00e3o da casa?<\/p>\n<p>A sustentabilidade se tornou uma considera\u00e7\u00e3o importante no design de interiores, e felizmente, integr\u00e1-la n\u00e3o significa sacrificar o estilo. Optar por materiais sustent\u00e1veis e recicl\u00e1veis ao escolher m\u00f3veis \u00e9 uma medida eficaz para reduzir o impacto ambiental. Materiais como bambu e madeira certificada s\u00e3o escolhas populares e ecologicamente corretas.<\/p>\n<p>Al\u00e9m disso, o uso de l\u00e2mpadas LED e a implementa\u00e7\u00e3o de pr\u00e1ticas de reciclagem e reutiliza\u00e7\u00e3o em casa tamb\u00e9m contribuem para um estilo de vida mais sustent\u00e1vel. Reaproveitar m\u00f3veis antigos ou dar nova vida a pe\u00e7as com uma boa reforma \u00e9 uma maneira de incorporar sustentabilidade sem abrir m\u00e3o do design elegante e funcional.<\/p>\n<p><img loading=\"lazy\" decoding=\"async\" width=\"1024\" height=\"576\" src=\"https:\/\/www.europesays.com\/pt\/wp-content\/uploads\/2025\/09\/tecnologia-decoracao_1756678820672-1-1024x576.jpg\" alt=\"Tend\u00eancias de decora\u00e7\u00e3o 2025 combinam conforto, estilo e tecnologia\" class=\"wp-image-54988\"  \/>Tecnologia decora\u00e7\u00e3o \u2013 Cr\u00e9ditos: (depositphotos.com \/ HayDmitriy)<\/p>\n<p>Qual \u00e9 o impacto das tend\u00eancias tecnol\u00f3gicas na decora\u00e7\u00e3o?<\/p>\n<p>As inova\u00e7\u00f5es tecnol\u00f3gicas continuam a moldar a decora\u00e7\u00e3o de interiores, tornando as casas mais inteligentes e eficientes. Sistemas de automa\u00e7\u00e3o residencial, por exemplo, permitem o controle de luzes, termostatos e dispositivos de seguran\u00e7a por meio de smartphones. Essa integra\u00e7\u00e3o tecnol\u00f3gica n\u00e3o s\u00f3 oferece conveni\u00eancia, mas tamb\u00e9m pode aumentar a efici\u00eancia energ\u00e9tica da casa.<\/p>\n<p>Outro ponto de destaque s\u00e3o os dispositivos de entretenimento inteligentes, que se integram perfeitamente ao design do c\u00f4modo. Projetores e televisores ocultos em arm\u00e1rios ou pain\u00e9is quando n\u00e3o est\u00e3o em uso s\u00e3o exemplos de como a tecnologia pode ser simultaneamente pr\u00e1tica e est\u00e9tica. As casas modernas est\u00e3o utilizando a tecnologia para criar ambientes que s\u00e3o tanto confort\u00e1veis quanto completamente personalizados.<\/p>\n","protected":false},"excerpt":{"rendered":"No ano de 2025, as tend\u00eancias de decora\u00e7\u00e3o residencial continuam a evoluir, refletindo o desejo de criar ambientes&hellip;\n","protected":false},"author":2,"featured_media":54612,"comment_status":"","ping_status":"","sticky":false,"template":"","format":"standard","meta":{"footnotes":""},"categories":[144],"tags":[207,205,206,203,201,202,204,114,115,32,33],"class_list":{"0":"post-54611","1":"post","2":"type-post","3":"status-publish","4":"format-standard","5":"has-post-thumbnail","7":"category-arte-e-design","8":"tag-arte","9":"tag-arte-e-design","10":"tag-artedesign","11":"tag-arts","12":"tag-arts-and-design","13":"tag-artsanddesign","14":"tag-design","15":"tag-entertainment","16":"tag-entretenimento","17":"tag-portugal","18":"tag-pt"},"share_on_mastodon":{"url":"","error":""},"_links":{"self":[{"href":"https:\/\/www.europesays.com\/pt\/wp-json\/wp\/v2\/posts\/54611","targetHints":{"allow":["GET"]}}],"collection":[{"href":"https:\/\/www.europesays.com\/pt\/wp-json\/wp\/v2\/posts"}],"about":[{"href":"https:\/\/www.europesays.com\/pt\/wp-json\/wp\/v2\/types\/post"}],"author":[{"embeddable":true,"href":"https:\/\/www.europesays.com\/pt\/wp-json\/wp\/v2\/users\/2"}],"replies":[{"embeddable":true,"href":"https:\/\/www.europesays.com\/pt\/wp-json\/wp\/v2\/comments?post=54611"}],"version-history":[{"count":0,"href":"https:\/\/www.europesays.com\/pt\/wp-json\/wp\/v2\/posts\/54611\/revisions"}],"wp:featuredmedia":[{"embeddable":true,"href":"https:\/\/www.europesays.com\/pt\/wp-json\/wp\/v2\/media\/54612"}],"wp:attachment":[{"href":"https:\/\/www.europesays.com\/pt\/wp-json\/wp\/v2\/media?parent=54611"}],"wp:term":[{"taxonomy":"category","embeddable":true,"href":"https:\/\/www.europesays.com\/pt\/wp-json\/wp\/v2\/categories?post=54611"},{"taxonomy":"post_tag","embeddable":true,"href":"https:\/\/www.europesays.com\/pt\/wp-json\/wp\/v2\/tags?post=54611"}],"curies":[{"name":"wp","href":"https:\/\/api.w.org\/{rel}","templated":true}]}}