{"id":54615,"date":"2025-09-01T21:33:22","date_gmt":"2025-09-01T21:33:22","guid":{"rendered":"https:\/\/www.europesays.com\/pt\/54615\/"},"modified":"2025-09-01T21:33:22","modified_gmt":"2025-09-01T21:33:22","slug":"vem-ai-em-a-fazenda-irreconhecivel-joel-faz-promessa-diabolica-novelas","status":"publish","type":"post","link":"https:\/\/www.europesays.com\/pt\/54615\/","title":{"rendered":"Vem a\u00ed em \u00abA Fazenda\u00bb: Irreconhec\u00edvel, Joel faz promessa diab\u00f3lica &#8211; Novelas"},"content":{"rendered":"<p>Em \u00abA Fazenda\u00bb, <a href=\"https:\/\/tvi.iol.pt\/novelas\/videos\/lukenia-se-ele-souber-nunca-mais-me-vai-querer-ver\/674711300cf23ab6553623d2\" rel=\"nofollow noopener\" target=\"_blank\">Ivandro (Vitor Hugo)<\/a>\u00a0diz a <a href=\"https:\/\/tvi.iol.pt\/novelas\/videos\/januario-e-detido-para-defender-talu\/674f12eb0cf2f130c2999b35\" rel=\"nofollow noopener\" target=\"_blank\">Janu\u00e1rio (Hoji Fortuna)<\/a>, <a href=\"https:\/\/tvi.iol.pt\/novelas\/videos\/lukenia-e-rude-com-weza-acabaram-os-abusos-e-as-confiancas\/674477710cf2f130c299972e\" rel=\"nofollow noopener\" target=\"_blank\">Weza (Cl\u00e1udia Semedo)<\/a>\u00a0e <a href=\"https:\/\/tvi.iol.pt\/novelas\/videos\/daniela-recusa-dar-aulas-a-lili-por-ciumes\/675300360cf2f130c2999df9\" rel=\"nofollow noopener\" target=\"_blank\">Daniela (Soraia Tavares)<\/a>\u00a0que viu Barroso a ir para a fazenda para confrontar <a href=\"https:\/\/tvi.iol.pt\/novelas\/videos\/foi-assim-que-lukenia-soube-que-samuel-e-filho-de-gaspar\/6772bbdc0cf28c51602e4db1\" rel=\"nofollow noopener\" target=\"_blank\">Lukenia (Rita Cruz)<\/a>\u00a0sobre saber onde est\u00e1 <a href=\"https:\/\/tvi.iol.pt\/novelas\/videos\/vania-e-duarte-roubam-leti\/674711290cf28c51602e3c65\" rel=\"nofollow noopener\" target=\"_blank\">Duarte (Cl\u00e1udio de Castro)<\/a>. <a href=\"https:\/\/tvi.iol.pt\/novelas\/videos\/joel-declara-se-a-eva-nunca-quis-atravessar-me-entre-ti-e-o-talu\/676ac3630cf2f130c299a685\" rel=\"nofollow noopener\" target=\"_blank\">Joel (Jo\u00e3o Jesus)<\/a>\u00a0olha-os despeitado por n\u00e3o terem acreditado na sua inoc\u00eancia, mas Daniela diz achar que ele est\u00e1 a tentar manipul\u00e1-los, para que tenham pena dele.<\/p>\n<p>Becas justifica a Joel que ele foi libertado por a pol\u00edcia ter descoberto que Celso era um antigo colega de tr\u00e1fico de droga de Duarte e veio para Angola para o ajudar. Joel recusa \u00e0 m\u00e3e voltar para Lisboa por querer fazer tudo para destruir a rela\u00e7\u00e3o de <a href=\"https:\/\/tvi.iol.pt\/novelas\/videos\/eva-e-joel-beijam-se-apaixonadamente\/6776a2000cf23e044af75c9b\" rel=\"nofollow noopener\" target=\"_blank\">Eva (Margarida Corceiro)<\/a>\u00a0com <a href=\"https:\/\/tvi.iol.pt\/novelas\/ator\/eva-borges-lacerda\/67348807d34e94b829075ef1\" target=\"_blank\" rel=\"nofollow noopener\"><strong data-end=\"548\" data-start=\"540\">Talu (Evandro Gomes)<\/strong><\/a>.<\/p>\n<p>Joel est\u00e1 completamente descompensado:<\/p>\n","protected":false},"excerpt":{"rendered":"Em \u00abA Fazenda\u00bb, Ivandro (Vitor Hugo)\u00a0diz a Janu\u00e1rio (Hoji Fortuna), Weza (Cl\u00e1udia Semedo)\u00a0e Daniela (Soraia Tavares)\u00a0que viu Barroso&hellip;\n","protected":false},"author":2,"featured_media":54616,"comment_status":"","ping_status":"","sticky":false,"template":"","format":"standard","meta":{"footnotes":""},"categories":[142],"tags":[657,160,6096,166,114,115,157,167,721,723,164,161,158,165,159,32,33,156,6093,163,151,162],"class_list":{"0":"post-54615","1":"post","2":"type-post","3":"status-publish","4":"format-standard","5":"has-post-thumbnail","7":"category-tv","8":"tag-a-fazenda","9":"tag-ana-guiomar","10":"tag-becas","11":"tag-cristina-ferreira","12":"tag-entertainment","13":"tag-entretenimento","14":"tag-festa-e-festa","15":"tag-ficcao","16":"tag-joao-jesus","17":"tag-joel","18":"tag-jose-fidalgo","19":"tag-novelas","20":"tag-para-sempre","21":"tag-pedro-sousa","22":"tag-pedro-teixeira","23":"tag-portugal","24":"tag-pt","25":"tag-queridos-papas","26":"tag-rita-loureiro","27":"tag-tiago-teotonio-pereira","28":"tag-tv","29":"tag-tvi"},"share_on_mastodon":{"url":"","error":""},"_links":{"self":[{"href":"https:\/\/www.europesays.com\/pt\/wp-json\/wp\/v2\/posts\/54615","targetHints":{"allow":["GET"]}}],"collection":[{"href":"https:\/\/www.europesays.com\/pt\/wp-json\/wp\/v2\/posts"}],"about":[{"href":"https:\/\/www.europesays.com\/pt\/wp-json\/wp\/v2\/types\/post"}],"author":[{"embeddable":true,"href":"https:\/\/www.europesays.com\/pt\/wp-json\/wp\/v2\/users\/2"}],"replies":[{"embeddable":true,"href":"https:\/\/www.europesays.com\/pt\/wp-json\/wp\/v2\/comments?post=54615"}],"version-history":[{"count":0,"href":"https:\/\/www.europesays.com\/pt\/wp-json\/wp\/v2\/posts\/54615\/revisions"}],"wp:featuredmedia":[{"embeddable":true,"href":"https:\/\/www.europesays.com\/pt\/wp-json\/wp\/v2\/media\/54616"}],"wp:attachment":[{"href":"https:\/\/www.europesays.com\/pt\/wp-json\/wp\/v2\/media?parent=54615"}],"wp:term":[{"taxonomy":"category","embeddable":true,"href":"https:\/\/www.europesays.com\/pt\/wp-json\/wp\/v2\/categories?post=54615"},{"taxonomy":"post_tag","embeddable":true,"href":"https:\/\/www.europesays.com\/pt\/wp-json\/wp\/v2\/tags?post=54615"}],"curies":[{"name":"wp","href":"https:\/\/api.w.org\/{rel}","templated":true}]}}