{"id":54618,"date":"2025-09-01T21:36:09","date_gmt":"2025-09-01T21:36:09","guid":{"rendered":"https:\/\/www.europesays.com\/pt\/54618\/"},"modified":"2025-09-01T21:36:09","modified_gmt":"2025-09-01T21:36:09","slug":"ioannidis-e-kiwior-inscritos-a-lista-atualizada-das-inscricoes-na-liga-no-ultimo-dia-do-mercado","status":"publish","type":"post","link":"https:\/\/www.europesays.com\/pt\/54618\/","title":{"rendered":"Ioannidis e Kiwior inscritos: a lista atualizada das inscri\u00e7\u00f5es na Liga no \u00faltimo dia do mercado"},"content":{"rendered":"<p>O prazo para os clubes da Liga inscreverem refor\u00e7os termina nesta segunda-feira, \u00e0s 23h59 (hora de Portugal continental). A entidade atualizar\u00e1 a lista de inscri\u00e7\u00f5es diversas vezes ao longo do dia. <\/p>\n<p>Na lista de documenta\u00e7\u00e3o apresentada \u00e0s 22 horas, com os contratos entregues entre as 18h00 e as 21h00, destaque para as inscri\u00e7\u00f5es de <a class=\"autolink-enabled\" data-resource-id=\"187224\" data-resource-type=\"player\" data-sport=\"football\" href=\"https:\/\/www.abola.pt\/futebol\/jogador\/fotis-ioannidis-187224\" rel=\"nofollow noopener\" target=\"_blank\">Fotis Ioannidis<\/a> e <a class=\"autolink-enabled\" data-resource-id=\"204106\" data-resource-type=\"player\" data-sport=\"football\" href=\"https:\/\/www.abola.pt\/futebol\/jogador\/jakub-kiwior-204106\" rel=\"nofollow noopener\" target=\"_blank\">Jakub Kiwior<\/a>, refor\u00e7os de <a class=\"autolink-enabled\" data-resource-id=\"448\" data-resource-type=\"team\" data-sport=\"football\" href=\"https:\/\/www.abola.pt\/futebol\/sporting-448\" rel=\"nofollow noopener\" target=\"_blank\">Sporting<\/a> e <a class=\"autolink-enabled\" data-resource-id=\"451\" data-resource-type=\"team\" data-sport=\"football\" href=\"https:\/\/www.abola.pt\/futebol\/fc-porto-451\" rel=\"nofollow noopener\" target=\"_blank\">FC Porto<\/a>, respetivamente.<\/p>\n<p>Jo\u00e3o Vitor dos Santos &#8211; <a class=\"autolink-enabled\" data-resource-id=\"3466\" data-resource-type=\"team\" data-sport=\"football\" href=\"https:\/\/www.abola.pt\/futebol\/portimonense-3466\" rel=\"nofollow noopener\" target=\"_blank\">Portimonense<\/a>, SAD &#8211; Transfer\u00eancia Internacional\u00a0<\/p>\n<p>Jardeu Ribeiro <a class=\"autolink-enabled\" data-resource-id=\"469\" data-resource-type=\"team\" data-sport=\"football\" href=\"https:\/\/www.abola.pt\/futebol\/chaves-469\" rel=\"nofollow noopener\" target=\"_blank\">Chaves<\/a> &#8211; <a class=\"autolink-enabled\" data-resource-id=\"3466\" data-resource-type=\"team\" data-sport=\"football\" href=\"https:\/\/www.abola.pt\/futebol\/portimonense-3466\" rel=\"nofollow noopener\" target=\"_blank\">Portimonense<\/a>, SAD &#8211; Transfer\u00eancia Internacional\u00a0<\/p>\n<p>Jincheng Liu &#8211; <a class=\"autolink-enabled\" data-resource-id=\"3466\" data-resource-type=\"team\" data-sport=\"football\" href=\"https:\/\/www.abola.pt\/futebol\/portimonense-3466\" rel=\"nofollow noopener\" target=\"_blank\">Portimonense<\/a>, SAD &#8211; Transfer\u00eancia Internacional\u00a0<\/p>\n<p>Luigi Adamo Gaspar &#8211; <a class=\"autolink-enabled\" data-resource-id=\"3466\" data-resource-type=\"team\" data-sport=\"football\" href=\"https:\/\/www.abola.pt\/futebol\/portimonense-3466\" rel=\"nofollow noopener\" target=\"_blank\">Portimonense<\/a>, SAD &#8211; Transfer\u00eancia Internacional\u00a0<\/p>\n<p>Wellington Luiz de Oliveira Santana &#8211; <a class=\"autolink-enabled\" data-resource-id=\"3466\" data-resource-type=\"team\" data-sport=\"football\" href=\"https:\/\/www.abola.pt\/futebol\/portimonense-3466\" rel=\"nofollow noopener\" target=\"_blank\">Portimonense<\/a>, SAD &#8211; Transfer\u00eancia Internacional\u00a0<\/p>\n<p>Fotios <a class=\"autolink-enabled\" data-resource-id=\"187224\" data-resource-type=\"player\" data-sport=\"football\" href=\"https:\/\/www.abola.pt\/futebol\/jogador\/fotis-ioannidis-187224\" rel=\"nofollow noopener\" target=\"_blank\">Ioannidis<\/a> &#8211; <a class=\"autolink-enabled\" data-resource-id=\"448\" data-resource-type=\"team\" data-sport=\"football\" href=\"https:\/\/www.abola.pt\/futebol\/sporting-448\" rel=\"nofollow noopener\" target=\"_blank\">Sporting<\/a> Clube de Portugal &#8211; Futebol, SAD &#8211; Transfer\u00eancia Internacional\u00a0<\/p>\n<p>Jakubpiotr <a class=\"autolink-enabled\" data-resource-id=\"204106\" data-resource-type=\"player\" data-sport=\"football\" href=\"https:\/\/www.abola.pt\/futebol\/jogador\/jakub-kiwior-204106\" rel=\"nofollow noopener\" target=\"_blank\">Kiwior<\/a> &#8211; Futebol Clube do <a class=\"autolink-enabled\" data-resource-id=\"451\" data-resource-type=\"team\" data-sport=\"football\" href=\"https:\/\/www.abola.pt\/futebol\/fc-porto-451\" rel=\"nofollow noopener\" target=\"_blank\">Porto<\/a> &#8211; Futebol, SAD &#8211; Transfer\u00eancia Internacional\u00a0<\/p>\n<p>Joffrey Niou Negawabloua Bazie &#8211; Futebol Clube <a class=\"autolink-enabled\" data-resource-id=\"458\" data-resource-type=\"team\" data-sport=\"football\" href=\"https:\/\/www.abola.pt\/futebol\/pacos-de-ferreira-458\" rel=\"nofollow noopener\" target=\"_blank\">Pa\u00e7os de Ferreira<\/a>, SDUQ, Lda. &#8211; Inclus\u00e3o no plantel\u00a0<\/p>\n<p>Paulo Alexandre Silva Sousa &#8211; Rio Ave Futebol Clube &#8211; Futebol, SAD &#8211; Revalida\u00e7\u00e3o\u00a0<\/p>\n<p>Dai Rodrigo Costa Bald\u00e9 &#8211; Rio Ave Futebol Clube &#8211; Futebol, SAD &#8211; Revalida\u00e7\u00e3o\u00a0<\/p>\n<p>Fernando Maria Mendes Dias Ferreira &#8211; Rio Ave Futebol Clube &#8211; Futebol, SAD &#8211; Revalida\u00e7\u00e3o\u00a0<\/p>\n<p>Francisco Mesquita Costa Gomes Br\u00e1s &#8211; Rio Ave Futebol Clube &#8211; Futebol, SAD &#8211; Transfer\u00eancia Nacional\u00a0<\/p>\n<p>Gonzalo Pastor Sanchez &#8211; FC <a class=\"autolink-enabled\" data-resource-id=\"2614\" data-resource-type=\"team\" data-sport=\"football\" href=\"https:\/\/www.abola.pt\/futebol\/famalicao-2614\" rel=\"nofollow noopener\" target=\"_blank\">Famalic\u00e3o<\/a> &#8211; Futebol, SAD &#8211; Transfer\u00eancia Internacional\u00a0<\/p>\n<p>Matheus Meireles Paiva de Ara\u00fajo &#8211; <a class=\"autolink-enabled\" data-resource-id=\"457\" data-resource-type=\"team\" data-sport=\"football\" href=\"https:\/\/www.abola.pt\/futebol\/sc-braga-457\" rel=\"nofollow noopener\" target=\"_blank\">SC Braga<\/a> &#8211; Futebol, SAD &#8211; Revalida\u00e7\u00e3o (J\u00fanior)\u00a0<\/p>\n<p>Theoson Jordan Siebatcheu &#8211; Clube Desportivo de <a class=\"autolink-enabled\" data-resource-id=\"467\" data-resource-type=\"team\" data-sport=\"football\" href=\"https:\/\/www.abola.pt\/futebol\/tondela-467\" rel=\"nofollow noopener\" target=\"_blank\">Tondela<\/a> &#8211; Futebol, SAD &#8211; Transfer\u00eancia Internacional\u00a0<\/p>\n<p>Paulo Vitor Leal Sousa Lima &#8211; AVS &#8211; Futebol, SAD &#8211; Transfer\u00eancia Internacional\u00a0<\/p>\n<p>Jos\u00e9 Manuel Bica Reis &#8211; <a class=\"autolink-enabled\" data-resource-id=\"1121\" data-resource-type=\"team\" data-sport=\"football\" href=\"https:\/\/www.abola.pt\/futebol\/leixoes-1121\" rel=\"nofollow noopener\" target=\"_blank\">Leix\u00f5es<\/a> Sport Club &#8211; Futebol, SAD &#8211; Transfer\u00eancia Nacional\u00a0<\/p>\n<p>Mohamed-Ali Diadie &#8211; Sport Clube Uni\u00e3o <a class=\"autolink-enabled\" data-resource-id=\"4771\" data-resource-type=\"team\" data-sport=\"football\" href=\"https:\/\/www.abola.pt\/futebol\/torreense-4771\" rel=\"nofollow noopener\" target=\"_blank\">Torreense<\/a> &#8211; Futebol, SAD &#8211; Transfer\u00eancia Internacional\u00a0<\/p>\n<p>Leandro Antonetti Lopez &#8211; CFEA &#8211; Club Football Estrela, SAD &#8211; Transfer\u00eancia Internacional\u00a0<\/p>\n<p><a class=\"autolink-enabled\" data-resource-id=\"277019\" data-resource-type=\"player\" data-sport=\"football\" href=\"https:\/\/www.abola.pt\/futebol\/jogador\/dieu-merci-michel-277019\" rel=\"nofollow noopener\" target=\"_blank\">Dieu Merci<\/a> Ndembo Michel &#8211; UDL &#8211; Uni\u00e3o de <a class=\"autolink-enabled\" data-resource-id=\"449\" data-resource-type=\"team\" data-sport=\"football\" href=\"https:\/\/www.abola.pt\/futebol\/ud-leiria-449\" rel=\"nofollow noopener\" target=\"_blank\">Leiria<\/a> &#8211; Futebol, SAD &#8211; Ced\u00eancia Tempor\u00e1ria\u00a0<\/p>\n<p>\u00c1lvaro Santos Correa &#8211; Futebol Clube de <a class=\"autolink-enabled\" data-resource-id=\"460\" data-resource-type=\"team\" data-sport=\"football\" href=\"https:\/\/www.abola.pt\/futebol\/penafiel-460\" rel=\"nofollow noopener\" target=\"_blank\">Penafiel<\/a>, SAD &#8211; Transfer\u00eancia Internacional\u00a0<\/p>\n<p>Felipe Mateus Scheibig &#8211; Futebol Clube de <a class=\"autolink-enabled\" data-resource-id=\"4777\" data-resource-type=\"team\" data-sport=\"football\" href=\"https:\/\/www.abola.pt\/futebol\/felgueiras-4777\" rel=\"nofollow noopener\" target=\"_blank\">Felgueiras<\/a>, SAD &#8211; Transfer\u00eancia Internacional\u00a0<\/p>\n<p>Antef Tsoungui &#8211; <a class=\"autolink-enabled\" data-resource-id=\"461\" data-resource-type=\"team\" data-sport=\"football\" href=\"https:\/\/www.abola.pt\/futebol\/estoril-461\" rel=\"nofollow noopener\" target=\"_blank\">Estoril<\/a> Praia &#8211; Futebol, SAD &#8211; Transfer\u00eancia Internacional\u00a0<\/p>\n","protected":false},"excerpt":{"rendered":"O prazo para os clubes da Liga inscreverem refor\u00e7os termina nesta segunda-feira, \u00e0s 23h59 (hora de Portugal continental).&hellip;\n","protected":false},"author":2,"featured_media":54619,"comment_status":"","ping_status":"","sticky":false,"template":"","format":"standard","meta":{"footnotes":""},"categories":[87],"tags":[135,32,33,134],"class_list":{"0":"post-54618","1":"post","2":"type-post","3":"status-publish","4":"format-standard","5":"has-post-thumbnail","7":"category-desporto","8":"tag-desporto","9":"tag-portugal","10":"tag-pt","11":"tag-sports"},"share_on_mastodon":{"url":"","error":""},"_links":{"self":[{"href":"https:\/\/www.europesays.com\/pt\/wp-json\/wp\/v2\/posts\/54618","targetHints":{"allow":["GET"]}}],"collection":[{"href":"https:\/\/www.europesays.com\/pt\/wp-json\/wp\/v2\/posts"}],"about":[{"href":"https:\/\/www.europesays.com\/pt\/wp-json\/wp\/v2\/types\/post"}],"author":[{"embeddable":true,"href":"https:\/\/www.europesays.com\/pt\/wp-json\/wp\/v2\/users\/2"}],"replies":[{"embeddable":true,"href":"https:\/\/www.europesays.com\/pt\/wp-json\/wp\/v2\/comments?post=54618"}],"version-history":[{"count":0,"href":"https:\/\/www.europesays.com\/pt\/wp-json\/wp\/v2\/posts\/54618\/revisions"}],"wp:featuredmedia":[{"embeddable":true,"href":"https:\/\/www.europesays.com\/pt\/wp-json\/wp\/v2\/media\/54619"}],"wp:attachment":[{"href":"https:\/\/www.europesays.com\/pt\/wp-json\/wp\/v2\/media?parent=54618"}],"wp:term":[{"taxonomy":"category","embeddable":true,"href":"https:\/\/www.europesays.com\/pt\/wp-json\/wp\/v2\/categories?post=54618"},{"taxonomy":"post_tag","embeddable":true,"href":"https:\/\/www.europesays.com\/pt\/wp-json\/wp\/v2\/tags?post=54618"}],"curies":[{"name":"wp","href":"https:\/\/api.w.org\/{rel}","templated":true}]}}