{"id":54629,"date":"2025-09-01T21:44:04","date_gmt":"2025-09-01T21:44:04","guid":{"rendered":"https:\/\/www.europesays.com\/pt\/54629\/"},"modified":"2025-09-01T21:44:04","modified_gmt":"2025-09-01T21:44:04","slug":"cutucou-gracyanne-barbosa-comenta-comparacoes-com-atual-namorada-de-belo","status":"publish","type":"post","link":"https:\/\/www.europesays.com\/pt\/54629\/","title":{"rendered":"Cutucou? Gracyanne Barbosa comenta compara\u00e7\u00f5es com atual namorada de Belo"},"content":{"rendered":"<p>\n                        Gracyanne Barbosa comenta brincadeiras de Tat\u00e1 Werneck durante o &#8220;Lady night&#8221;\n                    <\/p>\n<ul class=\"article__header__author\">\n<li class=\"article__header__author__item\">\n                                                    Por:<br \/>\n                                                Livia Souto sob a supervis\u00e3o de Felipe Gatto\n                    <\/li>\n<\/ul>\n<p class=\"text\"><strong>Gracyanne Barbosa<\/strong> abordou com serenidade as compara\u00e7\u00f5es entre ela e a atual namorada de <strong>Belo<\/strong>, <strong>Rayane Figliuzzi<\/strong>. Em entrevista exclusiva ao portal LeoDias, concedida \u00e0 rep\u00f3rter <strong>Monique Arruda<\/strong>, a influenciadora tamb\u00e9m comentou sobre a participa\u00e7\u00e3o do cantor no programa &#8220;Lady Night&#8221;, de<strong> Tat\u00e1 Werneck<\/strong>, que brincou com a semelhan\u00e7a entre as duas. <strong>Gracyanne<\/strong> afirmou que n\u00e3o se sente incomodada com as compara\u00e7\u00f5es, considerando-as naturais: &#8220;Eu n\u00e3o fico chateada, acho supernormal a compara\u00e7\u00e3o. Sempre que eu estiver, meu nome ser\u00e1 citado em refer\u00eancia ao Belo, e vice-versa. Temos amizade e carinho que nunca vai acabar, ent\u00e3o \u00e9 um assunto inevit\u00e1vel.&#8221;<\/p>\n<p><img loading=\"lazy\" decoding=\"async\" alt=\"Gracyanne Barbosa comenta compara\u00e7\u00f5es com atual namorada de Belo\" class=\"img-da72160279b75344a7f32273ddf3c9451mhfsmum\" height=\"549\" src=\"https:\/\/www.europesays.com\/pt\/wp-content\/uploads\/2025\/09\/1208001300-gracyanne-barbosa-comenta-comparacoes-com-atual-namorada-de-belo.jpg\"  title=\"Gracyanne Barbosa comenta compara\u00e7\u00f5es com atual namorada de Belo\" width=\"774\"\/><\/p>\n<p>Gracyanne Barbosa comenta compara\u00e7\u00f5es com atual namorada de Belo<\/p>\n<p>Foto: Contigo<\/p>\n<p class=\"text\">A influenciadora explicou que atualmente toma certos cuidados para respeitar a nova rela\u00e7\u00e3o de <strong>Belo<\/strong>. &#8220;Hoje em dia, eu tomo mais cuidado porque ele est\u00e1 em outra rela\u00e7\u00e3o, mas acho imposs\u00edvel n\u00e3o haver compara\u00e7\u00f5es, faz parte do ser humano&#8221;, disse. <\/p>\n<p class=\"text\">Sobre a repercuss\u00e3o do programa humor\u00edstico de <strong>Tat\u00e1 Werneck<\/strong>, <strong>Gracyanne<\/strong> destacou que se divertiu com a brincadeira e n\u00e3o v\u00ea problemas na situa\u00e7\u00e3o, lembrando que o pr\u00f3prio <strong>Belo<\/strong> autorizou as piadas. &#8220;O programa da Tat\u00e1 \u00e9 sensacional, eu ri para caramba, assisti todo e me diverti muito. Sei que o Belo tamb\u00e9m autorizou as brincadeiras, ent\u00e3o n\u00e3o tem problema nenhum&#8221;, afirmou.<\/p>\n<p><strong>Ser\u00e1 que Gracyanne se considera parecida com Rayane?<\/strong><\/p>\n<p class=\"text\">Quando questionada sobre semelhan\u00e7as com<strong> Rayane Figliuzzi<\/strong>,<strong> Gracyanne<\/strong> foi cautelosa. Segundo ela, nunca conheceu a jovem pessoalmente, o que dificulta compara\u00e7\u00f5es precisas. &#8220;Talvez por sermos morenas, mas ela \u00e9 lind\u00edssima, tem metade da minha idade e muito mais jovem. Talvez, se eu a encontrar pessoalmente, possa dizer, mas n\u00e3o tenho muita certeza&#8221;. A influenciadora refor\u00e7ou que mant\u00e9m uma rela\u00e7\u00e3o amistosa com <strong>Belo<\/strong> e que o respeito m\u00fatuo \u00e9 prioridade, mostrando maturidade diante de compara\u00e7\u00f5es inevit\u00e1veis e do ass\u00e9dio midi\u00e1tico envolvendo suas vidas pessoais.<\/p>\n<p class=\"text\"><strong>Confira mais:<\/strong><\/p>\n<blockquote class=\"instagram-media\" data-instgrm-captioned=\"\" data-instgrm-permalink=\"https:\/\/www.instagram.com\/reel\/DOEVjPSDSJ_\/?utm_source=ig_embed&amp;utm_campaign=loading\" data-instgrm-version=\"14\" style=\"background: #FFF; border: 0; border-radius: 3px; box-shadow: 0 0 1px 0 rgba(0,0,0,0.5),0 1px 10px 0 rgba(0,0,0,0.15); margin: 1px; max-width: 540px; min-width: 326px; padding: 0; width: calc(100% - 2px);\">\n<p>     View this post on Instagram <\/p>\n<p class=\"text\" style=\"color: #c9c8cd; font-family: Arial,sans-serif; font-size: 14px; line-height: 17px; margin-bottom: 0; margin-top: 8px; overflow: hidden; padding: 8px 0 7px; text-align: center; text-overflow: ellipsis; white-space: nowrap;\"><a href=\"https:\/\/www.instagram.com\/reel\/DOEVjPSDSJ_\/?utm_source=ig_embed&amp;utm_campaign=loading\" rel=\"noopener nofollow\" style=\"color: #c9c8cd; font-family: Arial,sans-serif; font-size: 14px; font-style: normal; font-weight: normal; line-height: 17px; text-decoration: none;\" target=\"_blank\">A post shared by Leo Dias (@leodias)<\/a><\/p>\n<\/blockquote>\n<p>                            <script async src=\"\/\/www.instagram.com\/embed.js\"><\/script><\/p>\n","protected":false},"excerpt":{"rendered":"Gracyanne Barbosa comenta brincadeiras de Tat\u00e1 Werneck durante o &#8220;Lady night&#8221; Por: Livia Souto sob a supervis\u00e3o de&hellip;\n","protected":false},"author":2,"featured_media":54630,"comment_status":"","ping_status":"","sticky":false,"template":"","format":"standard","meta":{"footnotes":""},"categories":[145],"tags":[211,210,114,115,32,33],"class_list":{"0":"post-54629","1":"post","2":"type-post","3":"status-publish","4":"format-standard","5":"has-post-thumbnail","7":"category-celebridades","8":"tag-celebridades","9":"tag-celebrities","10":"tag-entertainment","11":"tag-entretenimento","12":"tag-portugal","13":"tag-pt"},"share_on_mastodon":{"url":"","error":""},"_links":{"self":[{"href":"https:\/\/www.europesays.com\/pt\/wp-json\/wp\/v2\/posts\/54629","targetHints":{"allow":["GET"]}}],"collection":[{"href":"https:\/\/www.europesays.com\/pt\/wp-json\/wp\/v2\/posts"}],"about":[{"href":"https:\/\/www.europesays.com\/pt\/wp-json\/wp\/v2\/types\/post"}],"author":[{"embeddable":true,"href":"https:\/\/www.europesays.com\/pt\/wp-json\/wp\/v2\/users\/2"}],"replies":[{"embeddable":true,"href":"https:\/\/www.europesays.com\/pt\/wp-json\/wp\/v2\/comments?post=54629"}],"version-history":[{"count":0,"href":"https:\/\/www.europesays.com\/pt\/wp-json\/wp\/v2\/posts\/54629\/revisions"}],"wp:featuredmedia":[{"embeddable":true,"href":"https:\/\/www.europesays.com\/pt\/wp-json\/wp\/v2\/media\/54630"}],"wp:attachment":[{"href":"https:\/\/www.europesays.com\/pt\/wp-json\/wp\/v2\/media?parent=54629"}],"wp:term":[{"taxonomy":"category","embeddable":true,"href":"https:\/\/www.europesays.com\/pt\/wp-json\/wp\/v2\/categories?post=54629"},{"taxonomy":"post_tag","embeddable":true,"href":"https:\/\/www.europesays.com\/pt\/wp-json\/wp\/v2\/tags?post=54629"}],"curies":[{"name":"wp","href":"https:\/\/api.w.org\/{rel}","templated":true}]}}