{"id":54635,"date":"2025-09-01T21:52:07","date_gmt":"2025-09-01T21:52:07","guid":{"rendered":"https:\/\/www.europesays.com\/pt\/54635\/"},"modified":"2025-09-01T21:52:07","modified_gmt":"2025-09-01T21:52:07","slug":"cristina-ferreira-faz-esclarecimento-sobre-filha-de-ana-duarte-gosto-pouco-de-ser-acusada-de-mentirosa-noticias-de-hoje","status":"publish","type":"post","link":"https:\/\/www.europesays.com\/pt\/54635\/","title":{"rendered":"Cristina Ferreira faz esclarecimento sobre filha de Ana Duarte: \u00abGosto pouco de ser acusada de mentirosa\u00bb &#8211; Not\u00edcias de hoje"},"content":{"rendered":"<p>                                    <a href=\"https:\/\/www.iol.pt\/maisVistos\/a-pergunta-inesperada-de-afonso-leitao-a-mae-perante-surpresa-e-nao-envolve-catarina-miranda\/68b4ca450cf20ac1d5f361e0\" rel=\"nofollow noopener\" target=\"_blank\"><\/p>\n<p>A pergunta inesperada de Afonso Leit\u00e3o \u00e0 m\u00e3e perante surpresa: e n\u00e3o envolve Catarina Miranda<\/p>\n<p>                                    <\/a><\/p>\n<p>No Big Brother Ver\u00e3o, a gala trouxe um dos momentos mais marcantes da noite com Afonso como protagonista. Numa din\u00e2mica, o concorrente entrou numa sala e foi desafiado a colocar uma venda nos olhos. Poucos instantes depois, a sua m\u00e3e, Rita, entrou em sil\u00eancio e, mesmo sem ver, Afonso reconheceu-a de imediato. Ao retirar a m\u00e1scara, n\u00e3o conteve as l\u00e1grimas e viveu um abra\u00e7o intenso e cheio de emo\u00e7\u00e3o, mostrando-se como nunca antes tinha sido visto. Entre l\u00e1grimas, ainda tentou saber a opini\u00e3o da m\u00e3e sobre Catarina Miranda, mas Rita preferiu n\u00e3o lhe dar resposta, deixando o mist\u00e9rio no ar.<\/p>\n","protected":false},"excerpt":{"rendered":"A pergunta inesperada de Afonso Leit\u00e3o \u00e0 m\u00e3e perante surpresa: e n\u00e3o envolve Catarina Miranda No Big Brother&hellip;\n","protected":false},"author":2,"featured_media":54636,"comment_status":"","ping_status":"","sticky":false,"template":"","format":"standard","meta":{"footnotes":""},"categories":[85],"tags":[340,329,166,114,115,488,13,32,33],"class_list":{"0":"post-54635","1":"post","2":"type-post","3":"status-publish","4":"format-standard","5":"has-post-thumbnail","7":"category-entretenimento","8":"tag-ana-duarte","9":"tag-claudio-ramos","10":"tag-cristina-ferreira","11":"tag-entertainment","12":"tag-entretenimento","13":"tag-iol","14":"tag-noticias","15":"tag-portugal","16":"tag-pt"},"share_on_mastodon":{"url":"","error":""},"_links":{"self":[{"href":"https:\/\/www.europesays.com\/pt\/wp-json\/wp\/v2\/posts\/54635","targetHints":{"allow":["GET"]}}],"collection":[{"href":"https:\/\/www.europesays.com\/pt\/wp-json\/wp\/v2\/posts"}],"about":[{"href":"https:\/\/www.europesays.com\/pt\/wp-json\/wp\/v2\/types\/post"}],"author":[{"embeddable":true,"href":"https:\/\/www.europesays.com\/pt\/wp-json\/wp\/v2\/users\/2"}],"replies":[{"embeddable":true,"href":"https:\/\/www.europesays.com\/pt\/wp-json\/wp\/v2\/comments?post=54635"}],"version-history":[{"count":0,"href":"https:\/\/www.europesays.com\/pt\/wp-json\/wp\/v2\/posts\/54635\/revisions"}],"wp:featuredmedia":[{"embeddable":true,"href":"https:\/\/www.europesays.com\/pt\/wp-json\/wp\/v2\/media\/54636"}],"wp:attachment":[{"href":"https:\/\/www.europesays.com\/pt\/wp-json\/wp\/v2\/media?parent=54635"}],"wp:term":[{"taxonomy":"category","embeddable":true,"href":"https:\/\/www.europesays.com\/pt\/wp-json\/wp\/v2\/categories?post=54635"},{"taxonomy":"post_tag","embeddable":true,"href":"https:\/\/www.europesays.com\/pt\/wp-json\/wp\/v2\/tags?post=54635"}],"curies":[{"name":"wp","href":"https:\/\/api.w.org\/{rel}","templated":true}]}}