{"id":54637,"date":"2025-09-01T21:53:10","date_gmt":"2025-09-01T21:53:10","guid":{"rendered":"https:\/\/www.europesays.com\/pt\/54637\/"},"modified":"2025-09-01T21:53:10","modified_gmt":"2025-09-01T21:53:10","slug":"foto-mostra-lixo-espacial-de-missao-da-nasa-e-nao-satelite-extraterrestre-na-orbita-da-terra","status":"publish","type":"post","link":"https:\/\/www.europesays.com\/pt\/54637\/","title":{"rendered":"Foto mostra lixo espacial de miss\u00e3o da Nasa, e n\u00e3o sat\u00e9lite extraterrestre na \u00f3rbita da Terra"},"content":{"rendered":"<p data-component-name=\"paragraph\" class=\"styles__ParagraphStyled-sc-6adecn-0 cWrRiu  \"><strong>O que est\u00e3o compartilhando: <\/strong>que um sat\u00e9lite n\u00e3o humano, chamado de Cavaleiro Negro (ou <strong>Black Knight<\/strong>, em ingl\u00eas), orbita o planeta Terra h\u00e1 pelo menos 13 mil anos. O v\u00eddeo diz que o cientista Nikola Tesla foi respons\u00e1vel por interceptar o sinal do objeto, acreditando que ele era uma forma de comunica\u00e7\u00e3o extraterrestre.<\/p>\n<p data-component-name=\"paragraph\" class=\"styles__ParagraphStyled-sc-6adecn-0 cWrRiu  \"><strong>O Estad\u00e3o Verifica checou e concluiu que: <\/strong>\u00e9 enganoso. N\u00e3o \u00e9 um sat\u00e9lite, e sim lixo espacial catalogado pela <a href=\"https:\/\/www.estadao.com.br\/tudo-sobre\/nasa-agencia-aeroespacial-dos-estados-unidos\/?srsltid=AfmBOoq63MOf1q44JhzcY1kioTzFJQrkI_aqKqG2GfR2UVF2Hzoi5p17\" target=\"_blank\" rel=\"nofollow noopener\" title=\"https:\/\/www.estadao.com.br\/tudo-sobre\/nasa-agencia-aeroespacial-dos-estados-unidos\/?srsltid=AfmBOoq63MOf1q44JhzcY1kioTzFJQrkI_aqKqG2GfR2UVF2Hzoi5p17\">Ag\u00eancia Aeroespacial dos Estados Unidos<\/a> (sigla Nasa, em ingl\u00eas) durante uma miss\u00e3o de 1998. O objeto era uma manta t\u00e9rmica que pertencia a um \u00f4nibus espacial e teve sua foto divulgada pela ag\u00eancia americana no mesmo ano. O cientista Nikola Tesla faleceu em 1943, bem antes do ocorrido.<\/p>\n<p><img  loading=\"lazy\" class=\"lazy-load-img\"\/><\/p>\n<p>Foto mostra lixo espacial de miss\u00e3o da NASA em 98, e n\u00e3o sat\u00e9lite extraterrestre na \u00f3rbita da Terra\u00a0Foto:  Reprodu\u00e7\u00e3o\/Redes Sociais<\/p>\n<p><strong>Saiba mais: <\/strong>A teoria da conspira\u00e7\u00e3o sobre um sat\u00e9lite alien\u00edgena Cavaleiro Negro existe h\u00e1 mais de um s\u00e9culo e se tornou popular, no fim da d\u00e9cada de 1990, ap\u00f3s a divulga\u00e7\u00e3o da foto de um peda\u00e7o de lixo espacial pela Nasa. Recentemente, o boato voltou a circular nas redes sociais. <\/p>\n<p>Um dos v\u00eddeos sobre o caso acumulou mais de 443 mil visualiza\u00e7\u00f5es no Facebook e mostrou fotos do objeto, dizendo que ele poderia estar h\u00e1 mais de 13 mil anos na \u00f3rbita terrestre. Mas a hist\u00f3ria \u00e9 desmentida h\u00e1 bastante tempo. <\/p>\n<p data-component-name=\"paragraph\" class=\"styles__ParagraphStyled-sc-6adecn-0 cWrRiu  \">A Nasa registrou o elemento como um detrito orbital, catalogado como fabrica\u00e7\u00e3o humana que n\u00e3o tem mais nenhuma utilidade, em 1998. \u00c9 poss\u00edvel conferir a imagem usada nas publica\u00e7\u00f5es no <a href=\"https:\/\/eol.jsc.nasa.gov\/SearchPhotos\/photo.pl?mission=STS088&amp;roll=724&amp;frame=66\" target=\"_blank\" rel=\"nofollow noopener\">site<\/a> da ag\u00eancia dos Estados Unidos.<\/p>\n<p><img  loading=\"lazy\" class=\"lazy-load-img\"\/><\/p>\n<p>A NASA registrou o lixo espacial STS088-724-66.\u00a0Foto:  Reprodu\u00e7\u00e3o\/NASA<\/p>\n<p data-component-name=\"paragraph\" class=\"styles__ParagraphStyled-sc-6adecn-0 cWrRiu  \">O objeto teve origem na <a href=\"https:\/\/www.nasa.gov\/history\/20-years-ago-sts-88-adds-unity-to-iss\/\" target=\"_blank\" rel=\"nofollow noopener\">miss\u00e3o do \u00f4nibus espacial STS-88<\/a>, lan\u00e7ada em dezembro de 1998. Um dos seis tripulantes, o astronauta Jerry Joss, <a href=\"https:\/\/www.space.com\/what-is-the-black-knight.html\" target=\"_blank\" rel=\"nofollow noopener\">contou \u00e0 imprensa estadunidense<\/a> que o objeto era uma manta t\u00e9rmica que seria instalada no isolamento da Esta\u00e7\u00e3o Espacial Internacional. <\/p>\n<p data-component-name=\"paragraph\" class=\"styles__ParagraphStyled-sc-6adecn-0 cWrRiu  \">Ela foi perdida pela equipe e queimou na atmosfera na Terra alguns dias depois, <a href=\"https:\/\/www.space.com\/what-is-the-black-knight.html\" target=\"_blank\" rel=\"nofollow noopener\">segundo as informa\u00e7\u00f5es<\/a> da Nasa. <\/p>\n<p>Ondas de r\u00e1dio identificadas por Tesla<\/p>\n<p data-component-name=\"paragraph\" class=\"styles__ParagraphStyled-sc-6adecn-0 cWrRiu  \">O mito da exist\u00eancia do sat\u00e9lite Cavaleiro Negro remonta a 1899, quando o cientista Nikola Tesla <a href=\"https:\/\/www.teslasociety.com\/cosmos.htm\" target=\"_blank\" rel=\"nofollow noopener\">identificou<\/a> sinais incomuns durante experimentos em seu laborat\u00f3rio no Colorado, estado dos EUA. Ele acreditava ter captado sinais de r\u00e1dio extraterrestres, o que foi recebido com descren\u00e7a por outros cientistas na \u00e9poca.<\/p>\n<p data-component-name=\"paragraph\" class=\"styles__ParagraphStyled-sc-6adecn-0 cWrRiu  \">Desde 1897, Tesla testava comunica\u00e7\u00f5es sem fio e desenvolvia tecnologias para transmiss\u00e3o e recep\u00e7\u00e3o de ondas de r\u00e1dio. Hoje em dia, no entanto, pesquisadores <a href=\"https:\/\/www.space.com\/what-is-the-black-knight.html\" target=\"_blank\" rel=\"nofollow noopener\">apontam<\/a> que o f\u00edsico provavelmente capturou sinais transmitidos naturalmente pela atmosfera ou por interfer\u00eancias da Terra. <\/p>\n<p data-component-name=\"paragraph\" class=\"styles__ParagraphStyled-sc-6adecn-0 cWrRiu  \">Dentre as inven\u00e7\u00f5es, Tesla \u00e9 considerado o criador do r\u00e1dio, reconhecido pela Suprema Corte dos Estados Unidos, devido a patentes que tinha da tecnologia. O cientista morreu em 1943.<\/p>\n<p data-component-name=\"paragraph\" class=\"styles__ParagraphStyled-sc-6adecn-0 cWrRiu  \"><strong>Como lidar com posts do tipo: <\/strong>\u00c9 comum que teorias da conspira\u00e7\u00e3o antigas sejam recicladas e compartilhadas nas redes sociais. No caso do sat\u00e9lite Cavaleiro Negro h\u00e1 diversas reportagens na imprensa internacional noticiando o boato antigo. O jornal americano USA Today tamb\u00e9m <a href=\"https:\/\/www.usatoday.com\/story\/news\/factcheck\/2021\/09\/11\/fact-check-black-knight-satellite-space-debris-not-extraterrestrial\/5711696001\/\" target=\"_blank\" rel=\"nofollow noopener\">publicou<\/a> uma verifica\u00e7\u00e3o sobre o assunto em 2021.<\/p>\n","protected":false},"excerpt":{"rendered":"O que est\u00e3o compartilhando: que um sat\u00e9lite n\u00e3o humano, chamado de Cavaleiro Negro (ou Black Knight, em ingl\u00eas),&hellip;\n","protected":false},"author":2,"featured_media":54638,"comment_status":"","ping_status":"","sticky":false,"template":"","format":"standard","meta":{"footnotes":""},"categories":[84],"tags":[109,107,108,2732,3286,32,33,105,103,104,106,110],"class_list":{"0":"post-54637","1":"post","2":"type-post","3":"status-publish","4":"format-standard","5":"has-post-thumbnail","7":"category-ciencia-e-tecnologia","8":"tag-ciencia","9":"tag-ciencia-e-tecnologia","10":"tag-cienciaetecnologia","11":"tag-geral","12":"tag-link","13":"tag-portugal","14":"tag-pt","15":"tag-science","16":"tag-science-and-technology","17":"tag-scienceandtechnology","18":"tag-technology","19":"tag-tecnologia"},"share_on_mastodon":{"url":"","error":""},"_links":{"self":[{"href":"https:\/\/www.europesays.com\/pt\/wp-json\/wp\/v2\/posts\/54637","targetHints":{"allow":["GET"]}}],"collection":[{"href":"https:\/\/www.europesays.com\/pt\/wp-json\/wp\/v2\/posts"}],"about":[{"href":"https:\/\/www.europesays.com\/pt\/wp-json\/wp\/v2\/types\/post"}],"author":[{"embeddable":true,"href":"https:\/\/www.europesays.com\/pt\/wp-json\/wp\/v2\/users\/2"}],"replies":[{"embeddable":true,"href":"https:\/\/www.europesays.com\/pt\/wp-json\/wp\/v2\/comments?post=54637"}],"version-history":[{"count":0,"href":"https:\/\/www.europesays.com\/pt\/wp-json\/wp\/v2\/posts\/54637\/revisions"}],"wp:featuredmedia":[{"embeddable":true,"href":"https:\/\/www.europesays.com\/pt\/wp-json\/wp\/v2\/media\/54638"}],"wp:attachment":[{"href":"https:\/\/www.europesays.com\/pt\/wp-json\/wp\/v2\/media?parent=54637"}],"wp:term":[{"taxonomy":"category","embeddable":true,"href":"https:\/\/www.europesays.com\/pt\/wp-json\/wp\/v2\/categories?post=54637"},{"taxonomy":"post_tag","embeddable":true,"href":"https:\/\/www.europesays.com\/pt\/wp-json\/wp\/v2\/tags?post=54637"}],"curies":[{"name":"wp","href":"https:\/\/api.w.org\/{rel}","templated":true}]}}