{"id":54655,"date":"2025-09-01T22:11:10","date_gmt":"2025-09-01T22:11:10","guid":{"rendered":"https:\/\/www.europesays.com\/pt\/54655\/"},"modified":"2025-09-01T22:11:10","modified_gmt":"2025-09-01T22:11:10","slug":"surpresa-em-inglaterra-palace-muda-de-ideas-e-liverpool-nao-recebe-reforco","status":"publish","type":"post","link":"https:\/\/www.europesays.com\/pt\/54655\/","title":{"rendered":"Surpresa em Inglaterra: Palace muda de ideas e Liverpool n\u00e3o recebe refor\u00e7o"},"content":{"rendered":"<p style=\"text-align: justify\">Surpresa em Inglaterra: afinal, <a target=\"_self\" class=\"editor-link\" href=\"https:\/\/www.abola.pt\/futebol\/jogador\/marc-guehi-177940\" data-resource-id=\"177940\" data-resource-type=\"player\" data-sport=\"football\" rel=\"nofollow noopener\">Marc<\/a><a target=\"_self\" class=\"editor-link\" href=\"https:\/\/www.abola.pt\/futebol\/jogador\/marc-guehi-177940\" rel=\"nofollow noopener\"> Gu\u00e9hi<\/a> fica no <a target=\"_blank\" class=\"editor-link autolink-enabled\" href=\"https:\/\/www.abola.pt\/futebol\/crystal-palace-110\" data-resource-id=\"110\" data-resource-type=\"team\" data-sport=\"football\" rel=\"nofollow noopener\">Crystal Palace<\/a> e n\u00e3o \u00e9 refor\u00e7o do <a target=\"_blank\" class=\"editor-link autolink-enabled\" href=\"https:\/\/www.abola.pt\/futebol\/liverpool-92\" data-resource-id=\"92\" data-resource-type=\"team\" data-sport=\"football\" rel=\"nofollow noopener\">Liverpool<\/a>. Apesar dos dois clubes terem chegado a acordo por cerca de 40 milh\u00f5es de euros &#8211; mais 10% de uma futura venda -, ainda esta segunda-feira, o neg\u00f3cio foi mesmo por \u00e1gua abaixo.<\/p>\n<p style=\"text-align: justify\">Segundo o The Athletic, o jogador de 25 anos j\u00e1 tinha passado nos habituais exames m\u00e9dicos, ainda em Londres, e estava tudo tratado em termos de papelada, com contrato de cinco anos em cima da mesa, mas o <a class=\"autolink-enabled\" data-resource-id=\"110\" data-resource-type=\"team\" data-sport=\"football\" href=\"https:\/\/www.abola.pt\/futebol\/crystal-palace-110\" rel=\"nofollow noopener\" target=\"_blank\">Crystal Palace<\/a> acabou por n\u00e3o dar a luz verde para a transfer\u00eancia nos \u00faltimos minutos do mercado de ver\u00e3o (fechou \u00e0s 19h00).<\/p>\n<p style=\"text-align: justify\">O motivo para esse volte-face ter\u00e1 sido o facto da equipa de Glasner n\u00e3o ter conseguido fechar a contrata\u00e7\u00e3o de Igor, do <a target=\"_blank\" class=\"editor-link autolink-enabled\" href=\"https:\/\/www.abola.pt\/futebol\/brighton-134\" data-resource-id=\"134\" data-resource-type=\"team\" data-sport=\"football\" rel=\"nofollow noopener\">Brighton<\/a>. O brasileiro estava a caminho por empr\u00e9stimo com op\u00e7\u00e3o de compra, mas acabou por ser desviado para o <a target=\"_blank\" class=\"editor-link autolink-enabled\" href=\"https:\/\/www.abola.pt\/futebol\/west-ham-94\" data-resource-id=\"94\" data-resource-type=\"team\" data-sport=\"football\" rel=\"nofollow noopener\">West Ham<\/a>.<\/p>\n<p style=\"text-align: justify\">Sem substituto para Gu\u00e9hi, o Palace vetou, ent\u00e3o, a sa\u00edda, apesar de ter chegado a entrar na Premier League um documento a avisar a possibilidade de transfer\u00eancia. Assim, apenas <a target=\"_blank\" class=\"editor-link autolink-enabled\" href=\"https:\/\/www.abola.pt\/futebol\/jogador\/alexander-isak-21154\" data-resource-id=\"21154\" data-resource-type=\"player\" data-sport=\"football\" rel=\"nofollow noopener\">Alexander Isak<\/a>, do <a target=\"_blank\" class=\"editor-link autolink-enabled\" href=\"https:\/\/www.abola.pt\/futebol\/newcastle-103\" data-resource-id=\"103\" data-resource-type=\"team\" data-sport=\"football\" rel=\"nofollow noopener\">Newcastle<\/a>, vai ser refor\u00e7o de \u00faltima hora para Arne Slot, por cerca de \u20ac150M.<\/p>\n<p style=\"text-align: justify\">J\u00e1 muito perto do fecho do mercado, o Crystal Palace oficializou a contrata\u00e7\u00e3o do jovem de 19 anos Jaydee Canvot ao <a target=\"_blank\" class=\"editor-link autolink-enabled\" href=\"https:\/\/www.abola.pt\/futebol\/toulouse-306\" data-resource-id=\"306\" data-resource-type=\"team\" data-sport=\"football\" rel=\"nofollow noopener\">Toulouse<\/a>, por 27 milh\u00f5es de euros, mas esse neg\u00f3cio n\u00e3o evitava a sa\u00edda de Gu\u00e9hi, era preciso mais um defesa.<\/p>\n","protected":false},"excerpt":{"rendered":"Surpresa em Inglaterra: afinal, Marc Gu\u00e9hi fica no Crystal Palace e n\u00e3o \u00e9 refor\u00e7o do Liverpool. Apesar dos&hellip;\n","protected":false},"author":2,"featured_media":54656,"comment_status":"","ping_status":"","sticky":false,"template":"","format":"standard","meta":{"footnotes":""},"categories":[8],"tags":[27,28,15,16,14,25,26,21,22,12,13,19,20,32,23,24,33,17,18,29,30,31],"class_list":{"0":"post-54655","1":"post","2":"type-post","3":"status-publish","4":"format-standard","5":"has-post-thumbnail","7":"category-principais-noticias","8":"tag-breaking-news","9":"tag-breakingnews","10":"tag-featured-news","11":"tag-featurednews","12":"tag-headlines","13":"tag-latest-news","14":"tag-latestnews","15":"tag-main-news","16":"tag-mainnews","17":"tag-news","18":"tag-noticias","19":"tag-noticias-principais","20":"tag-noticiasprincipais","21":"tag-portugal","22":"tag-principais-noticias","23":"tag-principaisnoticias","24":"tag-pt","25":"tag-top-stories","26":"tag-topstories","27":"tag-ultimas","28":"tag-ultimas-noticias","29":"tag-ultimasnoticias"},"share_on_mastodon":{"url":"","error":""},"_links":{"self":[{"href":"https:\/\/www.europesays.com\/pt\/wp-json\/wp\/v2\/posts\/54655","targetHints":{"allow":["GET"]}}],"collection":[{"href":"https:\/\/www.europesays.com\/pt\/wp-json\/wp\/v2\/posts"}],"about":[{"href":"https:\/\/www.europesays.com\/pt\/wp-json\/wp\/v2\/types\/post"}],"author":[{"embeddable":true,"href":"https:\/\/www.europesays.com\/pt\/wp-json\/wp\/v2\/users\/2"}],"replies":[{"embeddable":true,"href":"https:\/\/www.europesays.com\/pt\/wp-json\/wp\/v2\/comments?post=54655"}],"version-history":[{"count":0,"href":"https:\/\/www.europesays.com\/pt\/wp-json\/wp\/v2\/posts\/54655\/revisions"}],"wp:featuredmedia":[{"embeddable":true,"href":"https:\/\/www.europesays.com\/pt\/wp-json\/wp\/v2\/media\/54656"}],"wp:attachment":[{"href":"https:\/\/www.europesays.com\/pt\/wp-json\/wp\/v2\/media?parent=54655"}],"wp:term":[{"taxonomy":"category","embeddable":true,"href":"https:\/\/www.europesays.com\/pt\/wp-json\/wp\/v2\/categories?post=54655"},{"taxonomy":"post_tag","embeddable":true,"href":"https:\/\/www.europesays.com\/pt\/wp-json\/wp\/v2\/tags?post=54655"}],"curies":[{"name":"wp","href":"https:\/\/api.w.org\/{rel}","templated":true}]}}