{"id":54670,"date":"2025-09-01T22:25:07","date_gmt":"2025-09-01T22:25:07","guid":{"rendered":"https:\/\/www.europesays.com\/pt\/54670\/"},"modified":"2025-09-01T22:25:07","modified_gmt":"2025-09-01T22:25:07","slug":"mercado-kiwior-lukebakio-harder-florentino-e-akturkoglu-oficiais-jota-dificil-e-ze-pedro-em-italia-o-jogo","status":"publish","type":"post","link":"https:\/\/www.europesays.com\/pt\/54670\/","title":{"rendered":"Mercado: Kiwior, Lukebakio, Harder, Florentino e Akturkoglu oficiais, Jota dif\u00edcil e Z\u00e9 Pedro em It\u00e1lia &#8211; O Jogo"},"content":{"rendered":"<ol>\n<li><a href=\"https:\/\/news.google.com\/rss\/articles\/CBMiygFBVV95cUxPRVF4dllleno5WGxBb0VQVHRpZFRLTXFQZTQ1d05KYTJQZDJ3SDlsaXItajY2LU5zTl9Oc2pkaFRES0Y5WjFBQ1dhUTR4Y1cwbDdRZmg4UUpPN3FNNDN3dWRqb3pDcnYyTFF4aU5hMWZQT0pGY2tuRDY4RWp4X1ZyTUNPNkwwdzVLSjUxZjdHWi1HeTNiblRpR3VwWE9WUHFoVUNPRkswWExfOTMtU3VwZ3JBcFllVTF6bUFVQm5IYnpRVFR4T05jMXV3?oc=5\" target=\"_blank\" rel=\"nofollow noopener\">Mercado: Kiwior, Lukebakio, Harder, Florentino e Akturkoglu oficiais, Jota dif\u00edcil e Z\u00e9 Pedro em It\u00e1lia<\/a>&nbsp;&nbsp;O Jogo<\/li>\n<li><a href=\"https:\/\/news.google.com\/rss\/articles\/CBMirwFBVV95cUxNRnQ1ZEFxSFc1VXVaTmQ1dXl6eEhscGcyQWdNVDVQMS0wejdjYTJaQU9xdkVadWd1dkppZ0NHS0xTd180aFJXaGxHcGJCeXplNGZLUUQ0X0o5VUo1eXRhX0pLSEZmci1XM04tLVI5UlJDZzhSanBBRk41bWliUlBTajJLRmlCaEhvXzlJbm9qVk1WQWVEd0dXUmFGbTA3SmFMT1hSdndya3FyeGFEYzBN?oc=5\" target=\"_blank\" rel=\"nofollow noopener\">AO MINUTO: Siga a par e passo o fecho do mercado de transfer\u00eancias<\/a>&nbsp;&nbsp;Sportinforma<\/li>\n<li><a href=\"https:\/\/news.google.com\/rss\/articles\/CBMilAJBVV95cUxQdDIyTjlTSWg4dFpxaDV6OXVxVzR5RTdDWkFicHA4LTQzQzYxRDEtejF2bG5IUDMzbE5KR2E5WUt3cjBYSDh6ampraWM4dlJ1QVhya01vb3BBM2Nra0k3NGhENEh1b3RkU1FWNGxUUHg2UlY4MFpDUlNHZEpxLUhseXQwS2NRdnFTRXpWTWVPYWlvaE14WnYxLURuNU9QaTRlWjVQOWZkZlZocnMyVWxuX3dMWE15V3czRlpjZkpoUmMxZzIzWHBxaDlIeTlaT1A2Nnl4TWRWV3RPaTJWYTVjTUVzejdJOUJjbXE0LS04M1A1NlRPRXV1ZmwzaVl0NG1Uc013UG9VMWphQ3lOQks2YWlHeDA?oc=5\" target=\"_blank\" rel=\"nofollow noopener\">Newsletter\/ Os milh\u00f5es do ouro e do futebol \u2013<\/a>&nbsp;&nbsp;Observador<\/li>\n<li><a href=\"https:\/\/news.google.com\/rss\/articles\/CBMivAFBVV95cUxNczQ4RThrXzZ6TGNCYnBXUWxaQVBKaGNnQlI2VWdLWUZrbEtJVWMtWXU0S3FPSnl2U0JnZFdwbTROSS1EZzlMZUl3RlhpRm9Mc1RYNlFVU0hHa3A5NzgxMGlhMUdnZU1jTUpjb000MUs4Nm1lTjlNcHFteHNUb0FOVnJGZ0NCTW01ZVJSXzhVU0R0d2txVmFVOTJtdGVEdTZVTnZSWHY2cGhyRzFQQlRyYlE1UkZiNDZHMTdpTQ?oc=5\" target=\"_blank\" rel=\"nofollow noopener\">Rafa, Djal\u00f3, Hulk e mais: as novelas de mercado que ficaram &#8216;para a \u00faltima&#8217;<\/a>&nbsp;&nbsp;A Bola<\/li>\n<li><a href=\"https:\/\/news.google.com\/rss\/articles\/CBMimwFBVV95cUxQM3B6cjBTQ3dsV1FlUzhGUzVNX1dSOXh4YUd5S2Y3dzJPbjNnU3NaSWZrcTlFS2llWkNPLU43MndKYTJVdkU2cHJGXzhZMWpjck5PbERaQ1lKWko4ZDFZWGhQOWh1WmdTdElRMXo0OFZxemFlNUhtbW11VEo4blJYSWJnZXo2WHJ5NTJLYmNHV0J3b2tLZ3pFT0lwYw?oc=5\" target=\"_blank\" rel=\"nofollow noopener\">Mercado de transfer\u00eancias. As \u00faltimas contrata\u00e7\u00f5es<\/a>&nbsp;&nbsp;RTP<\/li>\n<\/ol>\n","protected":false},"excerpt":{"rendered":"Mercado: Kiwior, Lukebakio, Harder, Florentino e Akturkoglu oficiais, Jota dif\u00edcil e Z\u00e9 Pedro em It\u00e1lia&nbsp;&nbsp;O Jogo AO MINUTO:&hellip;\n","protected":false},"author":2,"featured_media":54551,"comment_status":"","ping_status":"","sticky":false,"template":"","format":"standard","meta":{"footnotes":""},"categories":[8],"tags":[27,28,15,16,14,25,26,21,22,12,13,19,20,32,23,24,33,17,18,29,30,31],"class_list":{"0":"post-54670","1":"post","2":"type-post","3":"status-publish","4":"format-standard","5":"has-post-thumbnail","7":"category-principais-noticias","8":"tag-breaking-news","9":"tag-breakingnews","10":"tag-featured-news","11":"tag-featurednews","12":"tag-headlines","13":"tag-latest-news","14":"tag-latestnews","15":"tag-main-news","16":"tag-mainnews","17":"tag-news","18":"tag-noticias","19":"tag-noticias-principais","20":"tag-noticiasprincipais","21":"tag-portugal","22":"tag-principais-noticias","23":"tag-principaisnoticias","24":"tag-pt","25":"tag-top-stories","26":"tag-topstories","27":"tag-ultimas","28":"tag-ultimas-noticias","29":"tag-ultimasnoticias"},"share_on_mastodon":{"url":"","error":""},"_links":{"self":[{"href":"https:\/\/www.europesays.com\/pt\/wp-json\/wp\/v2\/posts\/54670","targetHints":{"allow":["GET"]}}],"collection":[{"href":"https:\/\/www.europesays.com\/pt\/wp-json\/wp\/v2\/posts"}],"about":[{"href":"https:\/\/www.europesays.com\/pt\/wp-json\/wp\/v2\/types\/post"}],"author":[{"embeddable":true,"href":"https:\/\/www.europesays.com\/pt\/wp-json\/wp\/v2\/users\/2"}],"replies":[{"embeddable":true,"href":"https:\/\/www.europesays.com\/pt\/wp-json\/wp\/v2\/comments?post=54670"}],"version-history":[{"count":0,"href":"https:\/\/www.europesays.com\/pt\/wp-json\/wp\/v2\/posts\/54670\/revisions"}],"wp:featuredmedia":[{"embeddable":true,"href":"https:\/\/www.europesays.com\/pt\/wp-json\/wp\/v2\/media\/54551"}],"wp:attachment":[{"href":"https:\/\/www.europesays.com\/pt\/wp-json\/wp\/v2\/media?parent=54670"}],"wp:term":[{"taxonomy":"category","embeddable":true,"href":"https:\/\/www.europesays.com\/pt\/wp-json\/wp\/v2\/categories?post=54670"},{"taxonomy":"post_tag","embeddable":true,"href":"https:\/\/www.europesays.com\/pt\/wp-json\/wp\/v2\/tags?post=54670"}],"curies":[{"name":"wp","href":"https:\/\/api.w.org\/{rel}","templated":true}]}}