{"id":54726,"date":"2025-09-01T23:15:07","date_gmt":"2025-09-01T23:15:07","guid":{"rendered":"https:\/\/www.europesays.com\/pt\/54726\/"},"modified":"2025-09-01T23:15:07","modified_gmt":"2025-09-01T23:15:07","slug":"feira-do-livro-de-beja-2025-celebra-leitores-e-escritores-de-dia-11-a-dia-14-deste-mes-radio-voz-da-planicie-104-5fm","status":"publish","type":"post","link":"https:\/\/www.europesays.com\/pt\/54726\/","title":{"rendered":"Feira do Livro de Beja 2025 celebra leitores e escritores de dia 11 a dia 14 deste m\u00eas | R\u00e1dio Voz da Plan\u00edcie &#8211; 104.5FM"},"content":{"rendered":"<p>Entre as diversas atividades que ocorrer\u00e3o ao longo percurso da feira, poder\u00e1 usufruir gratuitamente de uma programa\u00e7\u00e3o variada para todas as idades e curiosidades, que ocorrer\u00e1 nos diversos espa\u00e7os desta Feira do Livro: o Audit\u00f3rio Escritores, o Audit\u00f3rio Pais e Filhos, o Audit\u00f3rio Espet\u00e1culos, o Espa\u00e7o Leitores e o Espa\u00e7o Consult\u00f3rio Liter\u00e1rio.&#13;\n<\/p>\n<p>Haver\u00e1 algumas surpresas, mas s\u00f3 as descobrir\u00e1 se por a\u00ed passar em algum dos dias da Feira, que ter\u00e1 o seguinte hor\u00e1rio: dia 11, 5.\u00aa feira &#8211; 17h00-22h00; dia 12, 6.\u00aa feira &#8211; 10h00-14h00 |17h00-22h00; dia 13, s\u00e1bado &#8211; 10h00-23h00; dia 14, domingo &#8211; 10h00-21h00.&#13;<\/p>\n","protected":false},"excerpt":{"rendered":"Entre as diversas atividades que ocorrer\u00e3o ao longo percurso da feira, poder\u00e1 usufruir gratuitamente de uma programa\u00e7\u00e3o variada&hellip;\n","protected":false},"author":2,"featured_media":54727,"comment_status":"","ping_status":"","sticky":false,"template":"","format":"standard","meta":{"footnotes":""},"categories":[143],"tags":[288,4261,4266,4262,836,611,260,4267,1564,169,3702,109,470,2535,315,135,476,114,115,4268,2085,524,294,170,352,4263,606,4269,3001,53,13,4282,4280,4281,4279,4278,4276,4277,4283,4284,4275,4274,4273,4264,3048,835,4270,52,32,33,766,3551,679,4265,58,110,2512,30,578,4271],"class_list":{"0":"post-54726","1":"post","2":"type-post","3":"status-publish","4":"format-standard","5":"has-post-thumbnail","7":"category-livros","8":"tag-alentejo","9":"tag-aljustrel","10":"tag-almodovar","11":"tag-alvito","12":"tag-analise","13":"tag-ao-minuto","14":"tag-atualidade","15":"tag-barrancos","16":"tag-beja","17":"tag-books","18":"tag-castro-verde","19":"tag-ciencia","20":"tag-cinema","21":"tag-cuba","22":"tag-cultura","23":"tag-desporto","24":"tag-economia","25":"tag-entertainment","26":"tag-entretenimento","27":"tag-ferreira-do-alentejo","28":"tag-fotografia","29":"tag-futebol","30":"tag-lazer","31":"tag-livros","32":"tag-local","33":"tag-mertola","34":"tag-meteorologia","35":"tag-moura","36":"tag-multimedia","37":"tag-newsletters","38":"tag-noticias","39":"tag-noticias-de-ciencia","40":"tag-noticias-de-cultura","41":"tag-noticias-de-desporto","42":"tag-noticias-de-economia","43":"tag-noticias-de-local","44":"tag-noticias-de-politica","45":"tag-noticias-de-sociedade","46":"tag-noticias-de-tecnologia","47":"tag-noticias-em-portugues","48":"tag-noticias-mais-lidas","49":"tag-noticias-mais-partilhadas","50":"tag-noticias-populares","51":"tag-odemira","52":"tag-online","53":"tag-opiniao","54":"tag-ourique","55":"tag-politica","56":"tag-portugal","57":"tag-pt","58":"tag-radio","59":"tag-regiao","60":"tag-reportagem","61":"tag-serpa","62":"tag-sociedade","63":"tag-tecnologia","64":"tag-ultima-hora","65":"tag-ultimas-noticias","66":"tag-video","67":"tag-vidigueira"},"share_on_mastodon":{"url":"","error":""},"_links":{"self":[{"href":"https:\/\/www.europesays.com\/pt\/wp-json\/wp\/v2\/posts\/54726","targetHints":{"allow":["GET"]}}],"collection":[{"href":"https:\/\/www.europesays.com\/pt\/wp-json\/wp\/v2\/posts"}],"about":[{"href":"https:\/\/www.europesays.com\/pt\/wp-json\/wp\/v2\/types\/post"}],"author":[{"embeddable":true,"href":"https:\/\/www.europesays.com\/pt\/wp-json\/wp\/v2\/users\/2"}],"replies":[{"embeddable":true,"href":"https:\/\/www.europesays.com\/pt\/wp-json\/wp\/v2\/comments?post=54726"}],"version-history":[{"count":0,"href":"https:\/\/www.europesays.com\/pt\/wp-json\/wp\/v2\/posts\/54726\/revisions"}],"wp:featuredmedia":[{"embeddable":true,"href":"https:\/\/www.europesays.com\/pt\/wp-json\/wp\/v2\/media\/54727"}],"wp:attachment":[{"href":"https:\/\/www.europesays.com\/pt\/wp-json\/wp\/v2\/media?parent=54726"}],"wp:term":[{"taxonomy":"category","embeddable":true,"href":"https:\/\/www.europesays.com\/pt\/wp-json\/wp\/v2\/categories?post=54726"},{"taxonomy":"post_tag","embeddable":true,"href":"https:\/\/www.europesays.com\/pt\/wp-json\/wp\/v2\/tags?post=54726"}],"curies":[{"name":"wp","href":"https:\/\/api.w.org\/{rel}","templated":true}]}}