{"id":54794,"date":"2025-09-02T00:05:17","date_gmt":"2025-09-02T00:05:17","guid":{"rendered":"https:\/\/www.europesays.com\/pt\/54794\/"},"modified":"2025-09-02T00:05:17","modified_gmt":"2025-09-02T00:05:17","slug":"marisia-giorgi-e-o-nome-apontado-para-liderar-departamento-de-rh-da-tap","status":"publish","type":"post","link":"https:\/\/www.europesays.com\/pt\/54794\/","title":{"rendered":"Mar\u00edsia Giorgi \u00e9 o nome apontado para liderar departamento de RH da TAP"},"content":{"rendered":"<p>\t\t\t\t\t\t\t\t<strong>Mar\u00edsia Giorgi, Chief People Officer &amp; Executive Member da Jer\u00f3nimo Martins, dever\u00e1 assumir a dire\u00e7\u00e3o do novo departamento estrat\u00e9gico de Recursos Humanos da TAP, uma decis\u00e3o contestada pelo Sindicato dos Pilotos da Avia\u00e7\u00e3o Civil (SPAC).<\/strong><\/p>\n<p data-start=\"792\" data-end=\"968\">Num comunicado citado pela Lusa, o SPAC \u201clevanta obje\u00e7\u00f5es de fundo quanto \u00e0 governan\u00e7a, \u00e0 prioriza\u00e7\u00e3o de recursos, \u00e0 claridade de responsabilidades e \u00e0 qualidade do di\u00e1logo social na TAP\u201d. A dire\u00e7\u00e3o do sindicato mostra-se apreensiva sobre a \u201csobreposi\u00e7\u00e3o funcional e risco de conflito interno\u201d, bem como o facto de se recorrer a um \u201c<a href=\"https:\/\/rhmagazine.pt\/ricardo-prazeres-get-the-job-as-empresas-que-apostam-no-recrutamento-externo-poupam-tempo-para-crescerem-no-seu-negocio\/\" rel=\"nofollow noopener\" target=\"_blank\">recrutamento externo<\/a> sem uma curva de aprendizagem reconhecida\u201d, a par com uma \u201cdesconsidera\u00e7\u00e3o pelos quadros que provaram compet\u00eancia\u201d.<\/p>\n<p>Para o SPAC, esta decis\u00e3o, que produz efeitos a 1 de setembro, demonstra tamb\u00e9m \u201cprioridades erradas\u201d, com o \u201ctopo refor\u00e7ado, mas uma base carente\u201d.<\/p>\n<p>Ainda assim, o sindicato disse estar dispon\u00edvel para di\u00e1logo, \u201csem preju\u00edzo do dever estatut\u00e1rio de assinalar, com frontalidade e rigor, todos os problemas e inefici\u00eancias\u201d que detetarem.<\/p>\n<p style=\"text-align: center;\"><strong>Aproveite e leia j\u00e1 as \u00faltimas edi\u00e7\u00f5es da RHmagazine <a href=\"https:\/\/rhmagazine.pt\/quiosquerhmagazine\/?utm_source=artigos&amp;utm_medium=banner\" rel=\"nofollow noopener\" target=\"_blank\">AQUI<\/a><\/strong><\/p>\n","protected":false},"excerpt":{"rendered":"Mar\u00edsia Giorgi, Chief People Officer &amp; Executive Member da Jer\u00f3nimo Martins, dever\u00e1 assumir a dire\u00e7\u00e3o do novo departamento&hellip;\n","protected":false},"author":2,"featured_media":54795,"comment_status":"","ping_status":"","sticky":false,"template":"","format":"standard","meta":{"footnotes":""},"categories":[83],"tags":[88,15773,89,90,15774,32,33,1365],"class_list":{"0":"post-54794","1":"post","2":"type-post","3":"status-publish","4":"format-standard","5":"has-post-thumbnail","7":"category-empresas","8":"tag-business","9":"tag-drh","10":"tag-economy","11":"tag-empresas","12":"tag-novo-cargo","13":"tag-portugal","14":"tag-pt","15":"tag-tap"},"share_on_mastodon":{"url":"","error":""},"_links":{"self":[{"href":"https:\/\/www.europesays.com\/pt\/wp-json\/wp\/v2\/posts\/54794","targetHints":{"allow":["GET"]}}],"collection":[{"href":"https:\/\/www.europesays.com\/pt\/wp-json\/wp\/v2\/posts"}],"about":[{"href":"https:\/\/www.europesays.com\/pt\/wp-json\/wp\/v2\/types\/post"}],"author":[{"embeddable":true,"href":"https:\/\/www.europesays.com\/pt\/wp-json\/wp\/v2\/users\/2"}],"replies":[{"embeddable":true,"href":"https:\/\/www.europesays.com\/pt\/wp-json\/wp\/v2\/comments?post=54794"}],"version-history":[{"count":0,"href":"https:\/\/www.europesays.com\/pt\/wp-json\/wp\/v2\/posts\/54794\/revisions"}],"wp:featuredmedia":[{"embeddable":true,"href":"https:\/\/www.europesays.com\/pt\/wp-json\/wp\/v2\/media\/54795"}],"wp:attachment":[{"href":"https:\/\/www.europesays.com\/pt\/wp-json\/wp\/v2\/media?parent=54794"}],"wp:term":[{"taxonomy":"category","embeddable":true,"href":"https:\/\/www.europesays.com\/pt\/wp-json\/wp\/v2\/categories?post=54794"},{"taxonomy":"post_tag","embeddable":true,"href":"https:\/\/www.europesays.com\/pt\/wp-json\/wp\/v2\/tags?post=54794"}],"curies":[{"name":"wp","href":"https:\/\/api.w.org\/{rel}","templated":true}]}}