{"id":54798,"date":"2025-09-02T00:08:11","date_gmt":"2025-09-02T00:08:11","guid":{"rendered":"https:\/\/www.europesays.com\/pt\/54798\/"},"modified":"2025-09-02T00:08:11","modified_gmt":"2025-09-02T00:08:11","slug":"akturkoglu-achava-que-as-coisas-iam-mudar-depois-de-ajudar-o-benfica","status":"publish","type":"post","link":"https:\/\/www.europesays.com\/pt\/54798\/","title":{"rendered":"Akturkoglu: \u00abAchava que as coisas iam mudar depois de ajudar o Benfica\u00bb"},"content":{"rendered":"<p><a target=\"_blank\" class=\"editor-link autolink-enabled\" href=\"https:\/\/www.abola.pt\/futebol\/jogador\/kerem-akturkoglu-218127\" data-resource-id=\"218127\" data-resource-type=\"player\" data-sport=\"football\" rel=\"nofollow noopener\">Kerem Akturkoglu<\/a> revelou os detalhes das semanas de negocia\u00e7\u00f5es entre <a target=\"_blank\" class=\"editor-link autolink-enabled\" href=\"https:\/\/www.abola.pt\/futebol\/benfica-450\" data-resource-id=\"450\" data-resource-type=\"team\" data-sport=\"football\" rel=\"nofollow noopener\">Benfica<\/a> e <a target=\"_blank\" class=\"editor-link autolink-enabled\" href=\"https:\/\/www.abola.pt\/futebol\/fenerbahce-516\" data-resource-id=\"516\" data-resource-type=\"team\" data-sport=\"football\" rel=\"nofollow noopener\">Fenerbah\u00e7e<\/a>, que culminaram no regresso do extremo \u00e0 Superliga turca. O antigo jogador dos encarnados explicou que informou a dire\u00e7\u00e3o dos can\u00e1rios amarelos que iria disputar o play-off de acesso \u00e0 fase de liga da <a target=\"_blank\" class=\"editor-link autolink-enabled\" href=\"https:\/\/www.abola.pt\/futebol\/competicao\/uefa-champions-league-27\" data-resource-id=\"27\" data-resource-type=\"competition\" data-sport=\"football\" rel=\"nofollow noopener\">UEFA Champions League<\/a>.<\/p>\n<p><a class=\"autolink-enabled\" data-resource-id=\"218127\" data-resource-type=\"player\" data-sport=\"football\" href=\"https:\/\/www.abola.pt\/futebol\/jogador\/kerem-akturkoglu-218127\" rel=\"nofollow noopener\" target=\"_blank\">Akturkoglu<\/a> recordou as palavras de encorajamento do dirigente Hakan Safi antes dos duelos entre <a class=\"autolink-enabled\" data-resource-id=\"450\" data-resource-type=\"team\" data-sport=\"football\" href=\"https:\/\/www.abola.pt\/futebol\/benfica-450\" rel=\"nofollow noopener\" target=\"_blank\">Benfica<\/a> e <a class=\"autolink-enabled\" data-resource-id=\"516\" data-resource-type=\"team\" data-sport=\"football\" href=\"https:\/\/www.abola.pt\/futebol\/fenerbahce-516\" rel=\"nofollow noopener\" target=\"_blank\">Fenerbah\u00e7e<\/a>: \u00abVais fazer o que tens de fazer pelo clube que tens contrato. Se n\u00e3o fizesses isso, n\u00e3o te quer\u00edamos desta maneira.\u00bb<\/p>\n<p>Apesar de ter defendido que seria \u00abimpens\u00e1vel\u00bb n\u00e3o se focar no <a target=\"_blank\" class=\"editor-link autolink-enabled\" href=\"https:\/\/www.abola.pt\/futebol\/benfica-450\" data-resource-id=\"450\" data-resource-type=\"team\" data-sport=\"football\" rel=\"nofollow noopener\"><a class=\"autolink-enabled\" data-resource-id=\"450\" data-resource-type=\"team\" data-sport=\"football\" href=\"https:\/\/www.abola.pt\/futebol\/benfica-450\" rel=\"nofollow noopener\" target=\"_blank\">Benfica<\/a>, <a target=\"_blank\" class=\"editor-link autolink-enabled\" href=\"https:\/\/www.abola.pt\/futebol\/jogador\/kerem-akturkoglu-218127\" data-resource-id=\"218127\" data-resource-type=\"player\" data-sport=\"football\" rel=\"nofollow noopener\"><a class=\"autolink-enabled\" data-resource-id=\"218127\" data-resource-type=\"player\" data-sport=\"football\" href=\"https:\/\/www.abola.pt\/futebol\/jogador\/kerem-akturkoglu-218127\" rel=\"nofollow noopener\" target=\"_blank\">Akturkoglu<\/a> frisou que temeu que a transfer\u00eancia para o <a target=\"_blank\" class=\"editor-link autolink-enabled\" href=\"https:\/\/www.abola.pt\/futebol\/fenerbahce-516\" data-resource-id=\"516\" data-resource-type=\"team\" data-sport=\"football\" rel=\"nofollow noopener\"><a class=\"autolink-enabled\" data-resource-id=\"516\" data-resource-type=\"team\" data-sport=\"football\" href=\"https:\/\/www.abola.pt\/futebol\/fenerbahce-516\" rel=\"nofollow noopener\" target=\"_blank\">Fenerbah\u00e7e<\/a> n\u00e3o acontecesse. Tudo porque o extremo turco marcou o golo que garantiu a qualifica\u00e7\u00e3o das \u00e1guias para a fase de liga, diante do futuro clube.<\/p>\n<p>\u00abDei sempre 100% a todos os clubes com quem estive contratualmente ligado. Estaria a mentir se dissesse que n\u00e3o achava que as coisas iam mudar depois de marcar um golo e ajudar o Benfica a qualificar-se\u00bb, explicou.<\/p>\n<p>De acordo com <a target=\"_blank\" class=\"editor-link autolink-enabled\" href=\"https:\/\/www.abola.pt\/futebol\/jogador\/kerem-akturkoglu-218127\" data-resource-id=\"218127\" data-resource-type=\"player\" data-sport=\"football\" rel=\"nofollow noopener\">Akturkoglu<\/a>, a dire\u00e7\u00e3o do <a target=\"_blank\" class=\"editor-link autolink-enabled\" href=\"https:\/\/www.abola.pt\/futebol\/fenerbahce-516\" data-resource-id=\"516\" data-resource-type=\"team\" data-sport=\"football\" rel=\"nofollow noopener\">Fenerbah\u00e7e<\/a> garantiu-lhe que o golo marcado na segunda m\u00e3o do play-off nada tinha mudado e que a transfer\u00eancia iria avan\u00e7ar: \u00abOs adeptos e os diretores disseram que eu fiz o que tinha de fazer. Era impens\u00e1vel fazer o contr\u00e1rio.\u00bb\u00a0<\/p>\n","protected":false},"excerpt":{"rendered":"Kerem Akturkoglu revelou os detalhes das semanas de negocia\u00e7\u00f5es entre Benfica e Fenerbah\u00e7e, que culminaram no regresso do&hellip;\n","protected":false},"author":2,"featured_media":54799,"comment_status":"","ping_status":"","sticky":false,"template":"","format":"standard","meta":{"footnotes":""},"categories":[8],"tags":[27,28,15,16,14,25,26,21,22,12,13,19,20,32,23,24,33,17,18,29,30,31],"class_list":{"0":"post-54798","1":"post","2":"type-post","3":"status-publish","4":"format-standard","5":"has-post-thumbnail","7":"category-principais-noticias","8":"tag-breaking-news","9":"tag-breakingnews","10":"tag-featured-news","11":"tag-featurednews","12":"tag-headlines","13":"tag-latest-news","14":"tag-latestnews","15":"tag-main-news","16":"tag-mainnews","17":"tag-news","18":"tag-noticias","19":"tag-noticias-principais","20":"tag-noticiasprincipais","21":"tag-portugal","22":"tag-principais-noticias","23":"tag-principaisnoticias","24":"tag-pt","25":"tag-top-stories","26":"tag-topstories","27":"tag-ultimas","28":"tag-ultimas-noticias","29":"tag-ultimasnoticias"},"share_on_mastodon":{"url":"","error":""},"_links":{"self":[{"href":"https:\/\/www.europesays.com\/pt\/wp-json\/wp\/v2\/posts\/54798","targetHints":{"allow":["GET"]}}],"collection":[{"href":"https:\/\/www.europesays.com\/pt\/wp-json\/wp\/v2\/posts"}],"about":[{"href":"https:\/\/www.europesays.com\/pt\/wp-json\/wp\/v2\/types\/post"}],"author":[{"embeddable":true,"href":"https:\/\/www.europesays.com\/pt\/wp-json\/wp\/v2\/users\/2"}],"replies":[{"embeddable":true,"href":"https:\/\/www.europesays.com\/pt\/wp-json\/wp\/v2\/comments?post=54798"}],"version-history":[{"count":0,"href":"https:\/\/www.europesays.com\/pt\/wp-json\/wp\/v2\/posts\/54798\/revisions"}],"wp:featuredmedia":[{"embeddable":true,"href":"https:\/\/www.europesays.com\/pt\/wp-json\/wp\/v2\/media\/54799"}],"wp:attachment":[{"href":"https:\/\/www.europesays.com\/pt\/wp-json\/wp\/v2\/media?parent=54798"}],"wp:term":[{"taxonomy":"category","embeddable":true,"href":"https:\/\/www.europesays.com\/pt\/wp-json\/wp\/v2\/categories?post=54798"},{"taxonomy":"post_tag","embeddable":true,"href":"https:\/\/www.europesays.com\/pt\/wp-json\/wp\/v2\/tags?post=54798"}],"curies":[{"name":"wp","href":"https:\/\/api.w.org\/{rel}","templated":true}]}}