{"id":54806,"date":"2025-09-02T00:15:08","date_gmt":"2025-09-02T00:15:08","guid":{"rendered":"https:\/\/www.europesays.com\/pt\/54806\/"},"modified":"2025-09-02T00:15:08","modified_gmt":"2025-09-02T00:15:08","slug":"mercado-oficial-santa-clara-empresta-tres-jogadores-a-clubes-portugueses","status":"publish","type":"post","link":"https:\/\/www.europesays.com\/pt\/54806\/","title":{"rendered":"Mercado oficial: Santa Clara empresta tr\u00eas jogadores a clubes portugueses"},"content":{"rendered":"<p>O \u00faltimo dia de mercado viu o <a target=\"_blank\" class=\"editor-link autolink-enabled\" href=\"https:\/\/www.abola.pt\/futebol\/santa-clara-440\" data-resource-id=\"440\" data-resource-type=\"team\" data-sport=\"football\" rel=\"nofollow noopener\">Santa Clara<\/a> anunciar tr\u00eas sa\u00eddas por empr\u00e9stimo. <a target=\"_blank\" class=\"editor-link autolink-enabled\" href=\"https:\/\/www.abola.pt\/futebol\/jogador\/miguel-pires-270983\" data-resource-id=\"270983\" data-resource-type=\"player\" data-sport=\"football\" rel=\"nofollow noopener\">Miguel Pires<\/a>, m\u00e9dio de 23 anos, segue para a <a target=\"_blank\" class=\"editor-link autolink-enabled\" href=\"https:\/\/www.abola.pt\/futebol\/ud-leiria-449\" data-resource-id=\"449\" data-resource-type=\"team\" data-sport=\"football\" rel=\"nofollow noopener\">UD Leiria<\/a> e <a target=\"_blank\" class=\"editor-link autolink-enabled\" href=\"https:\/\/www.abola.pt\/futebol\/jogador\/edney-299089\" data-resource-id=\"299089\" data-resource-type=\"player\" data-sport=\"football\" rel=\"nofollow noopener\">Edney<\/a> Silva, defesa de 21 anos, foi cedido ao <a target=\"_blank\" class=\"editor-link autolink-enabled\" href=\"https:\/\/www.abola.pt\/futebol\/portimonense-3466\" data-resource-id=\"3466\" data-resource-type=\"team\" data-sport=\"football\" rel=\"nofollow noopener\">Portimonense<\/a>.<\/p>\n<p>Miguel Pires realizou tr\u00eas jogos pelos a\u00e7orianos nesta temporada, mas volta a ser emprestado, pela terceira \u00e9poca consecutiva, depois de duas ced\u00eancias ao <a target=\"_blank\" class=\"editor-link autolink-enabled\" href=\"https:\/\/www.abola.pt\/futebol\/alverca-452\" data-resource-id=\"452\" data-resource-type=\"team\" data-sport=\"football\" rel=\"nofollow noopener\">Alverca<\/a>. Integra agora a turma da cidade Lis, que fica com op\u00e7\u00e3o de compra no final da \u00e9poca.<\/p>\n<p>Tamb\u00e9m <a target=\"_blank\" class=\"editor-link autolink-enabled\" href=\"https:\/\/www.abola.pt\/futebol\/jogador\/henrique-pereira-232731\" data-resource-id=\"232731\" data-resource-type=\"player\" data-sport=\"football\" rel=\"nofollow noopener\">Henrique Pereira<\/a> sai por empr\u00e9stimo. O avan\u00e7ado formado no <a class=\"autolink-enabled\" data-resource-id=\"450\" data-resource-type=\"team\" data-sport=\"football\" href=\"https:\/\/www.abola.pt\/futebol\/benfica-450\" rel=\"nofollow noopener\" target=\"_blank\">Benfica<\/a>, de 23 anos, que foi contratado pelo Santa Clara no in\u00edcio do ver\u00e3o, segue para <a class=\"autolink-enabled\" data-resource-id=\"469\" data-resource-type=\"team\" data-sport=\"football\" href=\"https:\/\/www.abola.pt\/futebol\/chaves-469\" rel=\"nofollow noopener\" target=\"_blank\">Chaves<\/a>. Em dois jogos pelos a\u00e7orianos, n\u00e3o anotou qualquer golo. Na \u00e9poca passada, representou o Casa Pia &#8211; 26 jogos e dois golos.<\/p>\n<p>            <img decoding=\"async\" src=\"https:\/\/www.europesays.com\/pt\/wp-content\/uploads\/2025\/09\/846e43c6-f380-4b33-90cc-5801e3a09a14.jpg\" alt=\"\" width=\"620\" class=\"w-full object-cover\"\/><\/p>\n<p>                    Henrique Pereira esteve em destaque no Santa Clara contra o Larne.<br \/>\nFoto: EDUARDO COSTA\/LUSA<\/p>\n<p>Quanto a Edney Silva, ruma \u00e0 <a class=\"autolink-enabled\" data-resource-id=\"3466\" data-resource-type=\"team\" data-sport=\"football\" href=\"https:\/\/www.abola.pt\/futebol\/portimonense-3466\" rel=\"nofollow noopener\" target=\"_blank\">Portimonense<\/a>, clube da <a target=\"_blank\" class=\"editor-link autolink-enabled\" href=\"https:\/\/www.abola.pt\/futebol\/competicao\/liga-portugal-2-meu-super-111\" data-resource-id=\"111\" data-resource-type=\"competition\" data-sport=\"football\" rel=\"nofollow noopener\">Liga 2<\/a>, depois de ter sido contratado ao <a target=\"_blank\" class=\"editor-link autolink-enabled\" href=\"https:\/\/www.abola.pt\/futebol\/palmeiras-174\" data-resource-id=\"174\" data-resource-type=\"team\" data-sport=\"football\" rel=\"nofollow noopener\">Palmeiras<\/a> em janeiro deste ano. Somou tr\u00eas partidas pelo emblema de Ponta Delgada &#8211; duas em 2024\/25 e uma esta temporada.<\/p>\n","protected":false},"excerpt":{"rendered":"O \u00faltimo dia de mercado viu o Santa Clara anunciar tr\u00eas sa\u00eddas por empr\u00e9stimo. Miguel Pires, m\u00e9dio de&hellip;\n","protected":false},"author":2,"featured_media":54807,"comment_status":"","ping_status":"","sticky":false,"template":"","format":"standard","meta":{"footnotes":""},"categories":[87],"tags":[135,32,33,134],"class_list":{"0":"post-54806","1":"post","2":"type-post","3":"status-publish","4":"format-standard","5":"has-post-thumbnail","7":"category-desporto","8":"tag-desporto","9":"tag-portugal","10":"tag-pt","11":"tag-sports"},"share_on_mastodon":{"url":"","error":""},"_links":{"self":[{"href":"https:\/\/www.europesays.com\/pt\/wp-json\/wp\/v2\/posts\/54806","targetHints":{"allow":["GET"]}}],"collection":[{"href":"https:\/\/www.europesays.com\/pt\/wp-json\/wp\/v2\/posts"}],"about":[{"href":"https:\/\/www.europesays.com\/pt\/wp-json\/wp\/v2\/types\/post"}],"author":[{"embeddable":true,"href":"https:\/\/www.europesays.com\/pt\/wp-json\/wp\/v2\/users\/2"}],"replies":[{"embeddable":true,"href":"https:\/\/www.europesays.com\/pt\/wp-json\/wp\/v2\/comments?post=54806"}],"version-history":[{"count":0,"href":"https:\/\/www.europesays.com\/pt\/wp-json\/wp\/v2\/posts\/54806\/revisions"}],"wp:featuredmedia":[{"embeddable":true,"href":"https:\/\/www.europesays.com\/pt\/wp-json\/wp\/v2\/media\/54807"}],"wp:attachment":[{"href":"https:\/\/www.europesays.com\/pt\/wp-json\/wp\/v2\/media?parent=54806"}],"wp:term":[{"taxonomy":"category","embeddable":true,"href":"https:\/\/www.europesays.com\/pt\/wp-json\/wp\/v2\/categories?post=54806"},{"taxonomy":"post_tag","embeddable":true,"href":"https:\/\/www.europesays.com\/pt\/wp-json\/wp\/v2\/tags?post=54806"}],"curies":[{"name":"wp","href":"https:\/\/api.w.org\/{rel}","templated":true}]}}