{"id":54918,"date":"2025-09-02T01:41:09","date_gmt":"2025-09-02T01:41:09","guid":{"rendered":"https:\/\/www.europesays.com\/pt\/54918\/"},"modified":"2025-09-02T01:41:09","modified_gmt":"2025-09-02T01:41:09","slug":"tratamento-com-luz-e-capaz-de-eliminar-superbacterias","status":"publish","type":"post","link":"https:\/\/www.europesays.com\/pt\/54918\/","title":{"rendered":"Tratamento com luz \u00e9 capaz de eliminar superbact\u00e9rias"},"content":{"rendered":"<p dir=\"ltr\">A pneumonia \u00e9 um dos<a href=\"https:\/\/www.correiobraziliense.com.br\/revista-do-correio\/2024\/09\/6938843-conheca-os-sintomas-da-pneumonia-e-saiba-como-tratar.html\" target=\"_blank\" rel=\"nofollow noopener\"> grandes desafios da sa\u00fade p\u00fablica<\/a> na atualidade. Segundo a pesquisadora Fernanda Alves, do Instituto de F\u00edsica de S\u00e3o Carlos da Universidade de S\u00e3o Paulo (IFSC-USP), a cada 15 segundos, uma pessoa morre por conta da doen\u00e7a no mundo. Uma das causas da letalidade, explica a autora, \u00e9 que \u201cos antibi\u00f3ticos j\u00e1 n\u00e3o s\u00e3o eficazes contra muitas bact\u00e9rias super-resistentes\u201d.\u00a0<\/p>\n<p dir=\"ltr\">Para buscar novas solu\u00e7\u00f5es para o problema, pesquisadoras da USP, do Departamento de Engenharia Biom\u00e9dica da Texas A&amp;M University, nos Estados Unidos, e do Departamento de Qu\u00edmica da Universidade de Coimbra, em Portugal, desenvolveram um <a href=\"https:\/\/www.correiobraziliense.com.br\/ciencia-e-saude\/2025\/08\/7223499-estudo-mostra-eficacia-da-laserterapia-para-combater-a-hipertensao-na-menopausa.html\" target=\"_blank\" rel=\"nofollow noopener\">tratamento que usa luz<\/a> para eliminar\u00a0esses microrganismos. Testes cl\u00ednicos mostram resultados animadores na elimina\u00e7\u00e3o da bact\u00e9ria Klebsiella pneumoniae, causadora de infec\u00e7\u00f5es hospitalares.\u00a0<\/p>\n<p class=\"texto\">Na terapia fotodin\u00e2mica (TFD), \u00e9 aplicado uma esp\u00e9cie de corante especial chamado indocianina verde no organismo. Em seguida, os pesquisadores aplicam uma luz sobre a regi\u00e3o infectada. A luz \u00e9 respons\u00e1vel por ativar o corante, que causa rea\u00e7\u00f5es capazes de matar essas bact\u00e9rias.\u00a0<\/p>\n<p class=\"texto\"><strong><a href=\"https:\/\/whatsapp.com\/channel\/0029VaB1U9a002T64ex1Sy2w\" rel=\"nofollow noopener\" target=\"_blank\">Siga o canal do Correio no WhatsApp e receba as principais not\u00edcias do dia no seu celular<\/a><\/strong><\/p>\n<p dir=\"ltr\">A t\u00e9cnica foi capaz de eliminar totalmente as bact\u00e9rias nos testes de laborat\u00f3rio. Para aplica\u00e7\u00e3o in vivo, no entanto, a <a href=\"https:\/\/www.correiobraziliense.com.br\/ciencia-e-saude\/2025\/08\/7225186-tratamento-inovador-elimina-cancer-de-bexiga-em-oito-a-cada-10-pacientes.html\" target=\"_blank\" rel=\"nofollow noopener\">pesquisa precisa contornar algumas barreiras<\/a>. \u201cCada passo para tornar o m\u00e9todo clinicamente aplic\u00e1vel traz novos desafios. O mais recente foi vencer a barreira natural dos pulm\u00f5es: o surfactante\u201d, explica Fernanda Alves.<\/p>\n<p dir=\"ltr\">O sufactante \u00e9 uma camada natural que protege os alv\u00e9olos pulmonares, estruturas internas do \u00f3rg\u00e3o onde\u00a0ocorrem as trocas gasosas. Essa barreira protetora aprisiona as mol\u00e9culas indocianina verde, o que impede que o corante circule pelo organismo e elimine as bact\u00e9rias.\u00a0<\/p>\n<p dir=\"ltr\">Para contornar os desafios, os pesquisadores utilizam um pol\u00edmero chamado Gantrez, que protege e estabiliza a indocianina verde. \u201cCom a adi\u00e7\u00e3o do Gantrez ao tratamento, conseguimos resultados muito animadores, que nos deixam esperan\u00e7osos para as pr\u00f3ximas etapas, primeiro em modelos animais e, depois, em estudos cl\u00ednicos\u201d, pontua a pesquisadora.\u00a0<\/p>\n<p class=\"texto\">Embora os testes tenham se concentrado na elimina\u00e7\u00e3o da bact\u00e9ria\u00a0Klebsiella pneumoniae, o tratamento tamb\u00e9m se mostra eficaz contra outras bact\u00e9rias e fungos.\u00a0O estudo completo foi publicado na revista cient\u00edfica Pathogens\u00a0(<a href=\"https:\/\/www.mdpi.com\/2076-0817\/14\/7\/618\" rel=\"nofollow noopener\" target=\"_blank\">leia o estudo na \u00edntegra aqui<\/a>).\u00a0<\/p>\n<p>                            <a href=\"https:\/\/www.correiobraziliense.com.br\/autor\/gabriella-braz\/page\/1\/\" style=\"height: 100%;\" rel=\"nofollow noopener\" target=\"_blank\"><img decoding=\"async\" class=\"hidden-print author-circle d-block h6 mt-0 mb-0 mr-6 text-center\" src=\"https:\/\/www.europesays.com\/pt\/wp-content\/uploads\/2025\/07\/whatsapp_image_2023_10_10_at_19_18_18-30054727.jpeg\" alt=\"\" width=\"40\" height=\"40\" loading=\"lazy\" style=\"object-fit:cover; width: 40px; height: 40px; margin-right:10px;\"\/><\/a><a href=\"https:\/\/www.correiobraziliense.com.br\/autor\/gabriella-braz\/page\/1\/\" rel=\"nofollow noopener\" target=\"_blank\"><img decoding=\"async\" class=\"hidden-print author-circle d-block h6 mt-0 mb-0 mr-6 text-center\" src=\"https:\/\/www.europesays.com\/pt\/wp-content\/uploads\/2025\/07\/whatsapp_image_2023_10_10_at_19_18_18-30054727.jpeg\" alt=\"\" width=\"40\" height=\"40\" loading=\"lazy\" style=\"object-fit:cover; width: 40px; height: 40px; margin-right:10px;\"\/><\/a>Gabriella Braz  <strong class=\"entryStrongAuthor\">Rep\u00f3rter<\/strong><\/p>\n<p class=\"entryDescricaoAuthor\">Jornalista pela UnB, piauiense residente no DF, escritora e entusiasta de temas relacionados \u00e0 educa\u00e7\u00e3o e meio ambiente. Tem passagens pelo EuEstudante, assessorias e pela Empresa Brasil de Comunica\u00e7\u00e3o (EBC).<\/p>\n","protected":false},"excerpt":{"rendered":"A pneumonia \u00e9 um dos grandes desafios da sa\u00fade p\u00fablica na atualidade. Segundo a pesquisadora Fernanda Alves, do&hellip;\n","protected":false},"author":2,"featured_media":54919,"comment_status":"","ping_status":"","sticky":false,"template":"","format":"standard","meta":{"footnotes":""},"categories":[86],"tags":[13478,116,2879,32,33,117,15786],"class_list":{"0":"post-54918","1":"post","2":"type-post","3":"status-publish","4":"format-standard","5":"has-post-thumbnail","7":"category-saude","8":"tag-antibiotico","9":"tag-health","10":"tag-pneumonia","11":"tag-portugal","12":"tag-pt","13":"tag-saude","14":"tag-superbacterias"},"share_on_mastodon":{"url":"","error":""},"_links":{"self":[{"href":"https:\/\/www.europesays.com\/pt\/wp-json\/wp\/v2\/posts\/54918","targetHints":{"allow":["GET"]}}],"collection":[{"href":"https:\/\/www.europesays.com\/pt\/wp-json\/wp\/v2\/posts"}],"about":[{"href":"https:\/\/www.europesays.com\/pt\/wp-json\/wp\/v2\/types\/post"}],"author":[{"embeddable":true,"href":"https:\/\/www.europesays.com\/pt\/wp-json\/wp\/v2\/users\/2"}],"replies":[{"embeddable":true,"href":"https:\/\/www.europesays.com\/pt\/wp-json\/wp\/v2\/comments?post=54918"}],"version-history":[{"count":0,"href":"https:\/\/www.europesays.com\/pt\/wp-json\/wp\/v2\/posts\/54918\/revisions"}],"wp:featuredmedia":[{"embeddable":true,"href":"https:\/\/www.europesays.com\/pt\/wp-json\/wp\/v2\/media\/54919"}],"wp:attachment":[{"href":"https:\/\/www.europesays.com\/pt\/wp-json\/wp\/v2\/media?parent=54918"}],"wp:term":[{"taxonomy":"category","embeddable":true,"href":"https:\/\/www.europesays.com\/pt\/wp-json\/wp\/v2\/categories?post=54918"},{"taxonomy":"post_tag","embeddable":true,"href":"https:\/\/www.europesays.com\/pt\/wp-json\/wp\/v2\/tags?post=54918"}],"curies":[{"name":"wp","href":"https:\/\/api.w.org\/{rel}","templated":true}]}}