{"id":55139,"date":"2025-09-02T05:45:08","date_gmt":"2025-09-02T05:45:08","guid":{"rendered":"https:\/\/www.europesays.com\/pt\/55139\/"},"modified":"2025-09-02T05:45:08","modified_gmt":"2025-09-02T05:45:08","slug":"sporting-e-nottingham-forest-ainda-sem-acordo-por-jota-silva","status":"publish","type":"post","link":"https:\/\/www.europesays.com\/pt\/55139\/","title":{"rendered":"Sporting e Nottingham Forest ainda sem acordo por Jota Silva"},"content":{"rendered":"<p>O Sporting e o Nottingham Forest j\u00e1 d\u00e3o como praticamente descartado o regresso de Jota Silva para o futebol portugu\u00eas, segundo apurou o Maisfutebol.<\/p>\n<p>A restar poucos minutos para o fecho do mercado de transfer\u00eancias em Portugal, os dois lados est\u00e3o distantes de um acordo.<\/p>\n<p>Enquanto os ingleses querem uma transfer\u00eancia em definitivo na ordem dos 17 milh\u00f5es de euros, os le\u00f5es insistem num empr\u00e9stimo com op\u00e7\u00e3o de compra.<\/p>\n<p>Se n\u00e3o houver uma reviravolta de \u00faltima hora, Jota Silva, de 26 anos, vai seguir no Nottingham Forest e cumprir o contrato v\u00e1lido at\u00e9 junho de 2028.<\/p>\n","protected":false},"excerpt":{"rendered":"O Sporting e o Nottingham Forest j\u00e1 d\u00e3o como praticamente descartado o regresso de Jota Silva para o&hellip;\n","protected":false},"author":2,"featured_media":55140,"comment_status":"","ping_status":"","sticky":false,"template":"","format":"standard","meta":{"footnotes":""},"categories":[87],"tags":[135,8299,46,42,1527,32,33,47,34,134,35],"class_list":{"0":"post-55139","1":"post","2":"type-post","3":"status-publish","4":"format-standard","5":"has-post-thumbnail","7":"category-desporto","8":"tag-desporto","9":"tag-jota-silva","10":"tag-maisfutebol","11":"tag-mercado","12":"tag-nottingham-forest","13":"tag-portugal","14":"tag-pt","15":"tag-pura-paixao","16":"tag-sporting","17":"tag-sports","18":"tag-transferencias"},"share_on_mastodon":{"url":"","error":""},"_links":{"self":[{"href":"https:\/\/www.europesays.com\/pt\/wp-json\/wp\/v2\/posts\/55139","targetHints":{"allow":["GET"]}}],"collection":[{"href":"https:\/\/www.europesays.com\/pt\/wp-json\/wp\/v2\/posts"}],"about":[{"href":"https:\/\/www.europesays.com\/pt\/wp-json\/wp\/v2\/types\/post"}],"author":[{"embeddable":true,"href":"https:\/\/www.europesays.com\/pt\/wp-json\/wp\/v2\/users\/2"}],"replies":[{"embeddable":true,"href":"https:\/\/www.europesays.com\/pt\/wp-json\/wp\/v2\/comments?post=55139"}],"version-history":[{"count":0,"href":"https:\/\/www.europesays.com\/pt\/wp-json\/wp\/v2\/posts\/55139\/revisions"}],"wp:featuredmedia":[{"embeddable":true,"href":"https:\/\/www.europesays.com\/pt\/wp-json\/wp\/v2\/media\/55140"}],"wp:attachment":[{"href":"https:\/\/www.europesays.com\/pt\/wp-json\/wp\/v2\/media?parent=55139"}],"wp:term":[{"taxonomy":"category","embeddable":true,"href":"https:\/\/www.europesays.com\/pt\/wp-json\/wp\/v2\/categories?post=55139"},{"taxonomy":"post_tag","embeddable":true,"href":"https:\/\/www.europesays.com\/pt\/wp-json\/wp\/v2\/tags?post=55139"}],"curies":[{"name":"wp","href":"https:\/\/api.w.org\/{rel}","templated":true}]}}