{"id":55163,"date":"2025-09-02T06:20:23","date_gmt":"2025-09-02T06:20:23","guid":{"rendered":"https:\/\/www.europesays.com\/pt\/55163\/"},"modified":"2025-09-02T06:20:23","modified_gmt":"2025-09-02T06:20:23","slug":"fizemos-12-faltas-e-levamos-6-amarelos-confirmam-se-estes-numeros-poligrafo","status":"publish","type":"post","link":"https:\/\/www.europesays.com\/pt\/55163\/","title":{"rendered":"\u201cFizemos 12 faltas e lev\u00e1mos 6 amarelos\u201d. Confirmam-se estes n\u00fameros? \u2013 Pol\u00edgrafo"},"content":{"rendered":"<p>\u201cFizemos 12 faltas lev\u00e1mos 6 cart\u00f5es amarelos\u201d. A frase \u00e9 do treinador do Benfica, Bruno Lage, no final da partida em que a sua equipa venceu o Alverca por 2-1.<\/p>\n<p>Apesar dos tr\u00eas pontos e das \u00e1guias manterem-se 100% eficazes nos seus objetivos em todas as competi\u00e7\u00f5es em que j\u00e1 jogaram, Lage, na <a href=\"https:\/\/www.youtube.com\/watch?v=3nqFLsQ-bY4\" rel=\"nofollow noopener\" target=\"_blank\">flash interview<\/a>, \u00a0come\u00e7ou por contra-questionar o jornalista da Sport TV sobre a pergunta se o Benfica tinha \u201csofrido demasiadamente\u201d, mas acabou por reconhecer que a sua equipa sofreu nos minutos finais e estendeu mesmo essa avalia\u00e7\u00e3o a mais de metade da 2.\u00aa parte, com esta justifica\u00e7\u00e3o: \u201cDuas partes distintas. Com 11 fomos claramente a melhor equipa em campo (\u2026). A seguir \u00e0 expuls\u00e3o, o jogo mudou.\u201d<\/p>\n<p>Recorde-se que o lateral-direito b\u00f3snio do Benfica viu o 2.\u00ba cart\u00e3o amarelo aos 70 minutos.<\/p>\n<p>O treinador encarnado, que j\u00e1 mostrara grande irrita\u00e7\u00e3o nos \u00faltimos minutos do jogo e tamb\u00e9m depois do apito final, passou, ent\u00e3o, a discriminar com n\u00fameros as suas raz\u00f5es de discord\u00e2ncia com o \u00e1rbitro (Jos\u00e9 Bessa): a correla\u00e7\u00e3o entre o n\u00famero de faltas e o de cart\u00f5es amarelos da sua equipa no global e do pr\u00f3prio Dedi\u0107 e, ainda de forma mais espec\u00edfica, o desacerto no 2.\u00ba cart\u00e3o amarelo mostrado a Dedi\u0107 e consequente expuls\u00e3o.<\/p>\n<p>\u00a0<\/p>\n<p><strong>Confirma-se que o Benfica s\u00f3 fez 12 faltas e viu 6 cart\u00f5es amarelos?<\/strong><\/p>\n<p>N\u00e3o. A estat\u00edstica oficial do jogo, que pode ser consultada no site da <a href=\"https:\/\/www.ligaportugal.pt\/match\/20252026\/ligaportugalbetclic\/4\/3?tab=match_timeline\" rel=\"nofollow noopener\" target=\"_blank\">Liga Portugal<\/a>, indica que <strong>foram 18 as faltas cometidas pelos jogadores encarnados<\/strong>, portanto, mais 1\/3 dos que as referidas por Lage. Curiosamente, o Alverca, sim, fez 12 faltas e viu 4 amarelos. Portanto, num crit\u00e9rio exclusivamente quantitativo \u2013 o usado por Buno Lage \u2013, Alverca e Benfica tiveram a mesma propor\u00e7\u00e3o de cart\u00f5es amarelos por faltas cometidas (1 em cada 3).<\/p>\n<p><a href=\"https:\/\/poligrafo.sapo.pt\/wp-content\/uploads\/2025\/08\/e298947c-40b3-454b-b401-544f47ed00b6.jpeg\" rel=\"nofollow noopener\" target=\"_blank\"><img loading=\"lazy\" decoding=\"async\" class=\"alignnone size-medium wp-image-82112\" src=\"https:\/\/www.europesays.com\/pt\/wp-content\/uploads\/2025\/09\/e298947c-40b3-454b-b401-544f47ed00b6-300x147.jpeg\" alt=\"\" width=\"300\" height=\"147\"  \/><\/a><\/p>\n<p>_____________________________<\/p>\n<p><strong>Avalia\u00e7\u00e3o do Pol\u00edgrafo Futebol:<\/strong><\/p>\n","protected":false},"excerpt":{"rendered":"\u201cFizemos 12 faltas lev\u00e1mos 6 cart\u00f5es amarelos\u201d. A frase \u00e9 do treinador do Benfica, Bruno Lage, no final&hellip;\n","protected":false},"author":2,"featured_media":55164,"comment_status":"","ping_status":"","sticky":false,"template":"","format":"standard","meta":{"footnotes":""},"categories":[8],"tags":[27,28,15,16,14,25,26,21,22,12,13,19,20,32,23,24,33,17,18,29,30,31],"class_list":{"0":"post-55163","1":"post","2":"type-post","3":"status-publish","4":"format-standard","5":"has-post-thumbnail","7":"category-principais-noticias","8":"tag-breaking-news","9":"tag-breakingnews","10":"tag-featured-news","11":"tag-featurednews","12":"tag-headlines","13":"tag-latest-news","14":"tag-latestnews","15":"tag-main-news","16":"tag-mainnews","17":"tag-news","18":"tag-noticias","19":"tag-noticias-principais","20":"tag-noticiasprincipais","21":"tag-portugal","22":"tag-principais-noticias","23":"tag-principaisnoticias","24":"tag-pt","25":"tag-top-stories","26":"tag-topstories","27":"tag-ultimas","28":"tag-ultimas-noticias","29":"tag-ultimasnoticias"},"share_on_mastodon":{"url":"","error":""},"_links":{"self":[{"href":"https:\/\/www.europesays.com\/pt\/wp-json\/wp\/v2\/posts\/55163","targetHints":{"allow":["GET"]}}],"collection":[{"href":"https:\/\/www.europesays.com\/pt\/wp-json\/wp\/v2\/posts"}],"about":[{"href":"https:\/\/www.europesays.com\/pt\/wp-json\/wp\/v2\/types\/post"}],"author":[{"embeddable":true,"href":"https:\/\/www.europesays.com\/pt\/wp-json\/wp\/v2\/users\/2"}],"replies":[{"embeddable":true,"href":"https:\/\/www.europesays.com\/pt\/wp-json\/wp\/v2\/comments?post=55163"}],"version-history":[{"count":0,"href":"https:\/\/www.europesays.com\/pt\/wp-json\/wp\/v2\/posts\/55163\/revisions"}],"wp:featuredmedia":[{"embeddable":true,"href":"https:\/\/www.europesays.com\/pt\/wp-json\/wp\/v2\/media\/55164"}],"wp:attachment":[{"href":"https:\/\/www.europesays.com\/pt\/wp-json\/wp\/v2\/media?parent=55163"}],"wp:term":[{"taxonomy":"category","embeddable":true,"href":"https:\/\/www.europesays.com\/pt\/wp-json\/wp\/v2\/categories?post=55163"},{"taxonomy":"post_tag","embeddable":true,"href":"https:\/\/www.europesays.com\/pt\/wp-json\/wp\/v2\/tags?post=55163"}],"curies":[{"name":"wp","href":"https:\/\/api.w.org\/{rel}","templated":true}]}}