{"id":55179,"date":"2025-09-02T06:53:13","date_gmt":"2025-09-02T06:53:13","guid":{"rendered":"https:\/\/www.europesays.com\/pt\/55179\/"},"modified":"2025-09-02T06:53:13","modified_gmt":"2025-09-02T06:53:13","slug":"claudia-nayara-mostra-primeiros-pontapes-do-filho-e-faz-revelacao-enigmatica-big-brother","status":"publish","type":"post","link":"https:\/\/www.europesays.com\/pt\/55179\/","title":{"rendered":"Claudia Nayara mostra primeiros &#8216;pontap\u00e9s&#8217; do filho e faz revela\u00e7\u00e3o enigm\u00e1tica &#8211; Big Brother"},"content":{"rendered":"<p>Claudia Nayara, de 35 anos, recorreu \u00e0s redes sociais para mostrar os primeiros pontap\u00e9s do filho na barriga e para fazer um desabafo sobre a gravidez que est\u00e1 a viver.\u00a0<\/p>\n<p>\u00abTenho partilhar este momento\ud83e\udd70 Dia 1 Setembro come\u00e7amos assim \u2026 Filho \ud83e\ude75\ud83e\udd79 um dos primeiros pontap\u00e9s a dizer ( M\u00e3e vai comer para ir \u00e1 consulta ) \ud83d\ude4f\ud83c\udffb Eu e tu Filho tem sido uma Luta \u2026 mas estou c\u00e1 para te dar o Mundo \u2026 Amo te meu jogador \ud83d\ude48\ud83d\ude4f\ud83c\udffb\u00bb, escreveu.\u00a0<\/p>\n<p>\u00a0<\/p>\n<p>Gravidez de risco <\/p>\n<p data-end=\"455\" data-start=\"203\"><a href=\"https:\/\/tvi.iol.pt\/bigbrother\/search?pagina=1&amp;pesquisa=claudia+nayara\" rel=\"nofollow noopener\" target=\"_blank\">Claudia Nayara<\/a>\u00a0vive uma fase de grande emo\u00e7\u00e3o e expectativa. Gr\u00e1vida de um menino, a artista partilhou a semana passada uma fotografia no Instagram a exibir a sua barriga de gr\u00e1vida, acompanhada de um desabafo sincero sobre os desafios desta nova etapa.<\/p>\n<p data-end=\"895\" data-start=\"457\">Na legenda da publica\u00e7\u00e3o, Claudia Nayara agradeceu o carinho que tem recebido:<\/p>\n<blockquote>\n<p data-end=\"895\" data-start=\"457\"><strong>&#8220;Ol\u00e1 \u2026 Obrigada a toda a gente pelas mensagens, estou sem palavras! Passo c\u00e1 pra mostrar a barriguita \u263a\ufe0f muita gente j\u00e1 notava! Quero vos dizer que n\u00e3o est\u00e1 a ser f\u00e1cil, porque estou com uma gravidez de risco, mas devagarinho estou c\u00e1! Vim c\u00e1 s\u00f3 para agradecer e dizer que ainda bem\u2026 temos pessoas boas que nos confortam o cora\u00e7\u00e3o \ud83e\udd0d\ud83e\ude75\ud83e\ude75 Obrigada a TODOS \ud83d\ude4f\ud83c\udffb&#8221;<\/strong><\/p>\n<\/blockquote>\n<p>Depois da dor, um novo cap\u00edtulo <\/p>\n<p data-end=\"1802\" data-start=\"1491\">Recorde-se que Claudia Nayara surpreendeu tudo e todos ao anunciar recentemente que estava gr\u00e1vida, num v\u00eddeo carregado de emo\u00e7\u00e3o, onde n\u00e3o conteve as l\u00e1grimas. Esta gesta\u00e7\u00e3o acontece depois de um momento muito doloroso na vida da artista: a perda da filha <strong data-end=\"1760\" data-start=\"1748\">Samantha<\/strong>, em 2018, j\u00e1 na reta final da gravidez.<\/p>\n<p data-end=\"2070\" data-start=\"1804\">Em entrevista ao <a href=\"https:\/\/tvi.iol.pt\/vmais\/\" rel=\"nofollow noopener\" target=\"_blank\"><strong data-end=\"1827\" data-start=\"1821\">V+<\/strong><\/a>, Cl\u00e1udia recordou esse per\u00edodo dif\u00edcil:<strong>\u00a0<\/strong><\/p>\n<blockquote>\n<p data-end=\"2070\" data-start=\"1804\"><strong>&#8220;S\u00f3 eu \u00e9 que sei, naquele hospital, aquilo que sofri&#8230; \u00e9 duro tu estares a ouvir todas as m\u00e3es a pegar nas crian\u00e7as, ramos de flores a passar \u00e0 tua frente e tu n\u00e3o teres a tua filha no teu colo.&#8221;<\/strong><\/p>\n<\/blockquote>\n<p data-end=\"2181\" data-start=\"2072\">Desde ent\u00e3o, a cantora confessou ter-se tornado numa mulher de f\u00e9, encontrando for\u00e7a para seguir em frente.<\/p>\n<p data-end=\"2181\" data-start=\"2072\">Veja o momento, no v\u00eddeo em baixo.\u00a0<\/p>\n<p data-end=\"2181\" data-start=\"2072\">\u00a0<\/p>\n<p>O sonho da maternidade aos 35 anos <\/p>\n<p data-end=\"2477\" data-start=\"2224\">Agora, aos 35 anos, Cl\u00e1udia Nayara prepara-se para concretizar o sonho da maternidade. Apesar de se tratar de uma <strong data-end=\"2359\" data-start=\"2338\">gravidez de risco<\/strong>, a artista tem partilhado cada passo com os f\u00e3s, revelando que tem sido acompanhada no hospital devido \u00e0 ansiedade.<\/p>\n<p data-end=\"2477\" data-start=\"2224\">Depois de ser v\u00e1rias vezes assistida no hospital, Claudia Nayara anunciou que estava gr\u00e1vida. E revelou tamb\u00e9m o sexo do beb\u00e9. Veja o v\u00eddeo no qual a cantora, de 35 anos, se mostra completamente emocionada com a grande novidade.<\/p>\n<p data-end=\"2477\" data-start=\"2224\">\u00a0<\/p>\n<p data-end=\"2477\" data-start=\"2224\">Apesar dos percal\u00e7os, a cantora mostra-se determinada em viver esta fase com esperan\u00e7a, rodeada de amor e f\u00e9, acreditando que o futuro reserva dias felizes ao lado do filho que a\u00ed vem.<\/p>\n<p>Rea\u00e7\u00f5es de carinho e apoio <\/p>\n<p data-end=\"1182\" data-start=\"930\">A caixa de coment\u00e1rios rapidamente se encheu de mensagens positivas. Entre os muitos coment\u00e1rios, destacou-se o de <strong data-end=\"1064\" data-start=\"1045\">Sandrina Pratas<\/strong>, ex-concorrente do <a href=\"https:\/\/tvi.iol.pt\/secretstory\/\" rel=\"nofollow noopener\" target=\"_blank\">\u201cSecret Story\u201d<\/a> e do <a href=\"https:\/\/tvi.iol.pt\/bigbrother\/\" rel=\"nofollow noopener\" target=\"_blank\">\u201cBig Brother\u201d<\/a>:\u00a0&#8220;Linda \u2764\ufe0f Deus aben\u00e7oe muito \ud83d\ude4f um beijinho grande.&#8221;<\/p>\n<p data-end=\"1451\" data-start=\"1184\">Outros seguidores tamb\u00e9m deixaram palavras de for\u00e7a:\u00a0&#8220;Vai correr tudo bem, linda, Deus vai te ajudar a ti e ao teu beb\u00e9&#8221;,\u00a0&#8220;Nunca te esque\u00e7as que Deus d\u00e1 as batalhas aos grandes guerreiros&#8221;, ou ainda &#8220;A tua for\u00e7a vai te ajudar e a tua filha do c\u00e9u tamb\u00e9m.&#8221;<\/p>\n<p data-end=\"1490\" data-start=\"1453\">Veja a publica\u00e7\u00e3o original, em baixo.\u00a0<\/p>\n<p>\u00a0<\/p>\n<blockquote class=\"instagram-media\" data-instgrm-captioned=\"\" data-instgrm-permalink=\"https:\/\/www.instagram.com\/p\/DNkwWwwNAU8\/?utm_source=ig_embed&amp;utm_campaign=loading\" data-instgrm-version=\"14\" style=\" background:#FFF; border:0; border-radius:3px; box-shadow:0 0 1px 0 rgba(0,0,0,0.5),0 1px 10px 0 rgba(0,0,0,0.15); margin: 1px; max-width:540px; min-width:326px; padding:0; width:99.375%; width:-webkit-calc(100% - 2px); width:calc(100% - 2px);\">\n<\/blockquote>\n<p>\u00a0<\/p>\n<p data-end=\"2477\" data-start=\"2224\">\u00a0<\/p>\n<p data-end=\"2477\" data-start=\"2224\">Recorde, ainda, a passagem de Claudia Nayara pelo reality show <a href=\"https:\/\/tvi.iol.pt\/tvireality\/dilema\" rel=\"nofollow noopener\" target=\"_blank\">Dilema<\/a> da TVI, no v\u00eddeo em baixo. A concorrente protagonizou uma despedida emotiva.\u00a0<\/p>\n<p data-end=\"2477\" data-start=\"2224\"><strong>Em cima, espreite a galeria de fotografias de Claudia Nayara, que prepar\u00e1mos para si e veja a evolu\u00e7\u00e3o do estilo da cantora.<\/strong><\/p>\n<p>\u00a0<\/p>\n<p>                        <script async src=\"\/\/www.instagram.com\/embed.js\"><\/script><\/p>\n","protected":false},"excerpt":{"rendered":"Claudia Nayara, de 35 anos, recorreu \u00e0s redes sociais para mostrar os primeiros pontap\u00e9s do filho na barriga&hellip;\n","protected":false},"author":2,"featured_media":55180,"comment_status":"","ping_status":"","sticky":false,"template":"","format":"standard","meta":{"footnotes":""},"categories":[142],"tags":[331,48,10905,329,333,328,335,336,114,115,334,332,330,13,32,33,151,162,227],"class_list":{"0":"post-55179","1":"post","2":"type-post","3":"status-publish","4":"format-standard","5":"has-post-thumbnail","7":"category-tv","8":"tag-big","9":"tag-big-brother","10":"tag-claudia-nayara","11":"tag-claudio-ramos","12":"tag-comentadores","13":"tag-concorrentes","14":"tag-confrontos","15":"tag-discussoes","16":"tag-entertainment","17":"tag-entretenimento","18":"tag-exclusivos","19":"tag-expulso","20":"tag-gala","21":"tag-noticias","22":"tag-portugal","23":"tag-pt","24":"tag-tv","25":"tag-tvi","26":"tag-videos"},"share_on_mastodon":{"url":"","error":""},"_links":{"self":[{"href":"https:\/\/www.europesays.com\/pt\/wp-json\/wp\/v2\/posts\/55179","targetHints":{"allow":["GET"]}}],"collection":[{"href":"https:\/\/www.europesays.com\/pt\/wp-json\/wp\/v2\/posts"}],"about":[{"href":"https:\/\/www.europesays.com\/pt\/wp-json\/wp\/v2\/types\/post"}],"author":[{"embeddable":true,"href":"https:\/\/www.europesays.com\/pt\/wp-json\/wp\/v2\/users\/2"}],"replies":[{"embeddable":true,"href":"https:\/\/www.europesays.com\/pt\/wp-json\/wp\/v2\/comments?post=55179"}],"version-history":[{"count":0,"href":"https:\/\/www.europesays.com\/pt\/wp-json\/wp\/v2\/posts\/55179\/revisions"}],"wp:featuredmedia":[{"embeddable":true,"href":"https:\/\/www.europesays.com\/pt\/wp-json\/wp\/v2\/media\/55180"}],"wp:attachment":[{"href":"https:\/\/www.europesays.com\/pt\/wp-json\/wp\/v2\/media?parent=55179"}],"wp:term":[{"taxonomy":"category","embeddable":true,"href":"https:\/\/www.europesays.com\/pt\/wp-json\/wp\/v2\/categories?post=55179"},{"taxonomy":"post_tag","embeddable":true,"href":"https:\/\/www.europesays.com\/pt\/wp-json\/wp\/v2\/tags?post=55179"}],"curies":[{"name":"wp","href":"https:\/\/api.w.org\/{rel}","templated":true}]}}