{"id":55190,"date":"2025-09-02T07:04:13","date_gmt":"2025-09-02T07:04:13","guid":{"rendered":"https:\/\/www.europesays.com\/pt\/55190\/"},"modified":"2025-09-02T07:04:13","modified_gmt":"2025-09-02T07:04:13","slug":"kelly-piquet-inicia-a-semana-com-look-barbiecore","status":"publish","type":"post","link":"https:\/\/www.europesays.com\/pt\/55190\/","title":{"rendered":"Kelly Piquet inicia a semana com look barbiecore"},"content":{"rendered":"\n<p class=\" content-text__container theme-color-primary-first-letter\" data-track-category=\"Link no Texto\" data-track-links=\"\"> Nesta segunda-feira (01.09) Kelly Piquet compartilhou, no feed de seu Instagram, registros do look eleito para iniciar o m\u00eas de setembro. Nas imagens, a modelo aparece ao ar livre, com um conjunto despojado barbiecore, que deixou seu corpo delineado em evid\u00eancia. <\/p>\n<p class=\" content-text__container \" data-track-category=\"Link no Texto\" data-track-links=\"\"> A influenciadora deu \u00e0 luz Lily h\u00e1 tr\u00eas meses, fruto de seu noivado com Max Verstappen. Ela tamb\u00e9m \u00e9 m\u00e3e de Pen\u00e9lope, de cinco anos, do antigo relacionamento com o piloto russo Daniil Kvya. <\/p>\n<p class=\" content-text__container \" data-track-category=\"Link no Texto\" data-track-links=\"\"> &#8220;Final aconchegante para o ver\u00e3o \ud83e\udebd&#8221;, escreveu Kelly na legenda da publica\u00e7\u00e3o, que, logo, foi elogiada pelos seguidores: <\/p>\n<p class=\" content-text__container \" data-track-category=\"Link no Texto\" data-track-links=\"\"> &#8220;Linda demais&#8221;, disse uma; &#8220;Maravilhosa&#8221;, escreveu outra; &#8220;Uma boneca&#8221;, se derreteu uma terceira. <\/p>\n<p>  Continuar lendo  <\/p>\n<p>      <img decoding=\"async\" class=\"content-media__image\"  src=\"https:\/\/www.europesays.com\/pt\/wp-content\/uploads\/2025\/09\/whatsapp-image-2025-09-01-at-17.22.04.jpeg\" alt=\"Kelly Piquet com look barbiecore \u2014 Foto: Reprodu\u00e7\u00e3o\/Instagram\" width=\"1290\" height=\"1562\" loading=\"lazy\"\/>  Kelly Piquet com look barbiecore \u2014 Foto: Reprodu\u00e7\u00e3o\/Instagram            <img decoding=\"async\" class=\"content-media__image\"  src=\"https:\/\/www.europesays.com\/pt\/wp-content\/uploads\/2025\/09\/whatsapp-image-2025-09-01-at-17.22.21.jpeg\" alt=\"Kelly Piquet com look barbiecore \u2014 Foto: Reprodu\u00e7\u00e3o\/Instagram\" width=\"1290\" height=\"1582\" loading=\"lazy\"\/>  Kelly Piquet com look barbiecore \u2014 Foto: Reprodu\u00e7\u00e3o\/Instagram            <img decoding=\"async\" class=\"content-media__image\"  src=\"https:\/\/www.europesays.com\/pt\/wp-content\/uploads\/2025\/09\/whatsapp-image-2025-09-01-at-17.21.51.jpeg\" alt=\"Kelly Piquet com look barbiecore \u2014 Foto: Reprodu\u00e7\u00e3o\/Instagram\" width=\"1290\" height=\"1589\" loading=\"lazy\"\/>  Kelly Piquet com look barbiecore \u2014 Foto: Reprodu\u00e7\u00e3o\/Instagram             <img decoding=\"async\" class=\"content-media__image\"  src=\"https:\/\/www.europesays.com\/pt\/wp-content\/uploads\/2025\/09\/whatsapp-image-2025-09-01-at-17.22.13.jpeg\" alt=\"Kelly Piquet com look barbiecore \u2014 Foto: Reprodu\u00e7\u00e3o\/Instagram\" width=\"1274\" height=\"1600\" loading=\"lazy\"\/>  Kelly Piquet com look barbiecore \u2014 Foto: Reprodu\u00e7\u00e3o\/Instagram            <\/p>\n","protected":false},"excerpt":{"rendered":"Nesta segunda-feira (01.09) Kelly Piquet compartilhou, no feed de seu Instagram, registros do look eleito para iniciar o&hellip;\n","protected":false},"author":2,"featured_media":55191,"comment_status":"","ping_status":"","sticky":false,"template":"","format":"standard","meta":{"footnotes":""},"categories":[145],"tags":[211,210,114,115,32,33],"class_list":{"0":"post-55190","1":"post","2":"type-post","3":"status-publish","4":"format-standard","5":"has-post-thumbnail","7":"category-celebridades","8":"tag-celebridades","9":"tag-celebrities","10":"tag-entertainment","11":"tag-entretenimento","12":"tag-portugal","13":"tag-pt"},"share_on_mastodon":{"url":"","error":""},"_links":{"self":[{"href":"https:\/\/www.europesays.com\/pt\/wp-json\/wp\/v2\/posts\/55190","targetHints":{"allow":["GET"]}}],"collection":[{"href":"https:\/\/www.europesays.com\/pt\/wp-json\/wp\/v2\/posts"}],"about":[{"href":"https:\/\/www.europesays.com\/pt\/wp-json\/wp\/v2\/types\/post"}],"author":[{"embeddable":true,"href":"https:\/\/www.europesays.com\/pt\/wp-json\/wp\/v2\/users\/2"}],"replies":[{"embeddable":true,"href":"https:\/\/www.europesays.com\/pt\/wp-json\/wp\/v2\/comments?post=55190"}],"version-history":[{"count":0,"href":"https:\/\/www.europesays.com\/pt\/wp-json\/wp\/v2\/posts\/55190\/revisions"}],"wp:featuredmedia":[{"embeddable":true,"href":"https:\/\/www.europesays.com\/pt\/wp-json\/wp\/v2\/media\/55191"}],"wp:attachment":[{"href":"https:\/\/www.europesays.com\/pt\/wp-json\/wp\/v2\/media?parent=55190"}],"wp:term":[{"taxonomy":"category","embeddable":true,"href":"https:\/\/www.europesays.com\/pt\/wp-json\/wp\/v2\/categories?post=55190"},{"taxonomy":"post_tag","embeddable":true,"href":"https:\/\/www.europesays.com\/pt\/wp-json\/wp\/v2\/tags?post=55190"}],"curies":[{"name":"wp","href":"https:\/\/api.w.org\/{rel}","templated":true}]}}