{"id":55204,"date":"2025-09-02T07:21:31","date_gmt":"2025-09-02T07:21:31","guid":{"rendered":"https:\/\/www.europesays.com\/pt\/55204\/"},"modified":"2025-09-02T07:21:31","modified_gmt":"2025-09-02T07:21:31","slug":"supreendente-antonio-leal-e-silva-fala-pela-primeira-vez-sobre-rumores-que-o-ligam-a-diogo-bordin-big-brother","status":"publish","type":"post","link":"https:\/\/www.europesays.com\/pt\/55204\/","title":{"rendered":"Supreendente: Ant\u00f3nio Leal e Silva fala pela primeira vez sobre rumores que o ligam a Diogo Bordin &#8211; Big Brother"},"content":{"rendered":"<p data-end=\"551\" data-start=\"204\">O programa \u201cFunt\u00e1stico\u201d, da TVI, transmitido no passado domingo, dia 31, ficou marcado por um momento de humor protagonizado por Manuel Lu\u00eds Goucha.<\/p>\n<p data-end=\"551\" data-start=\"204\">Logo no arranque da emiss\u00e3o, o apresentador decidiu meter-se com Ant\u00f3nio Leal e Silva, jurado do formato, <a href=\"https:\/\/tvi.iol.pt\/bigbrother\/diogo-bordin\/carolina-braga\/afinal-qual-a-ligacao-de-diogo-bordin-a-antonio-leal-e-silva-ex-concorrente-conta-tudo\" rel=\"nofollow noopener\" target=\"_blank\">a prop\u00f3sito da proximidade deste com o ex-concorrente do \u201cBig Brother 2025\u201d, Diogo Bordin.<\/a><\/p>\n<p data-end=\"665\" data-start=\"553\"><strong>\u00abQue alegria! Viva as rela\u00e7\u00f5es luso-brasileiras! Mais achas para a fogueira\u201d<\/strong>, atirou Goucha, em tom divertido.<\/p>\n<p data-end=\"819\" data-start=\"667\">Entre gargalhadas, Ant\u00f3nio Leal e Silva respondeu de imediato:<strong> \u201cEu fujo e tu alimentas mais. Eu estou a adorar, como deves calcular, estou encantado.\u201d<\/strong> E ainda acrescentou\u00a0<strong>\u201cJ\u00e1 estou a escolher o fato de noivo para o casamento e tudo&#8221;.<\/strong><\/p>\n<p data-end=\"819\" data-start=\"667\">De recordar que, <a href=\"https:\/\/tvi.iol.pt\/bigbrother\/carolina-braga\/diogo-bordin\/carolina-braga-revela-as-razoes-do-fim-do-namoro-com-diogo-bordin-e-qual-e-o-papel-de-antonio-leal-e-silva\" rel=\"nofollow noopener\" target=\"_blank\">h\u00e1 rumores de uma poss\u00edvel liga\u00e7\u00e3o amorosa entre Ant\u00f3nio Leal e Silva e Diogo Bordin.<\/a><\/p>\n<p data-end=\"1019\" data-start=\"821\">\u00a0<\/p>\n","protected":false},"excerpt":{"rendered":"O programa \u201cFunt\u00e1stico\u201d, da TVI, transmitido no passado domingo, dia 31, ficou marcado por um momento de humor&hellip;\n","protected":false},"author":2,"featured_media":55205,"comment_status":"","ping_status":"","sticky":false,"template":"","format":"standard","meta":{"footnotes":""},"categories":[142],"tags":[331,48,329,333,328,335,336,114,115,334,332,330,13,32,33,151,162,227],"class_list":{"0":"post-55204","1":"post","2":"type-post","3":"status-publish","4":"format-standard","5":"has-post-thumbnail","7":"category-tv","8":"tag-big","9":"tag-big-brother","10":"tag-claudio-ramos","11":"tag-comentadores","12":"tag-concorrentes","13":"tag-confrontos","14":"tag-discussoes","15":"tag-entertainment","16":"tag-entretenimento","17":"tag-exclusivos","18":"tag-expulso","19":"tag-gala","20":"tag-noticias","21":"tag-portugal","22":"tag-pt","23":"tag-tv","24":"tag-tvi","25":"tag-videos"},"share_on_mastodon":{"url":"","error":""},"_links":{"self":[{"href":"https:\/\/www.europesays.com\/pt\/wp-json\/wp\/v2\/posts\/55204","targetHints":{"allow":["GET"]}}],"collection":[{"href":"https:\/\/www.europesays.com\/pt\/wp-json\/wp\/v2\/posts"}],"about":[{"href":"https:\/\/www.europesays.com\/pt\/wp-json\/wp\/v2\/types\/post"}],"author":[{"embeddable":true,"href":"https:\/\/www.europesays.com\/pt\/wp-json\/wp\/v2\/users\/2"}],"replies":[{"embeddable":true,"href":"https:\/\/www.europesays.com\/pt\/wp-json\/wp\/v2\/comments?post=55204"}],"version-history":[{"count":0,"href":"https:\/\/www.europesays.com\/pt\/wp-json\/wp\/v2\/posts\/55204\/revisions"}],"wp:featuredmedia":[{"embeddable":true,"href":"https:\/\/www.europesays.com\/pt\/wp-json\/wp\/v2\/media\/55205"}],"wp:attachment":[{"href":"https:\/\/www.europesays.com\/pt\/wp-json\/wp\/v2\/media?parent=55204"}],"wp:term":[{"taxonomy":"category","embeddable":true,"href":"https:\/\/www.europesays.com\/pt\/wp-json\/wp\/v2\/categories?post=55204"},{"taxonomy":"post_tag","embeddable":true,"href":"https:\/\/www.europesays.com\/pt\/wp-json\/wp\/v2\/tags?post=55204"}],"curies":[{"name":"wp","href":"https:\/\/api.w.org\/{rel}","templated":true}]}}