{"id":55212,"date":"2025-09-02T07:32:08","date_gmt":"2025-09-02T07:32:08","guid":{"rendered":"https:\/\/www.europesays.com\/pt\/55212\/"},"modified":"2025-09-02T07:32:08","modified_gmt":"2025-09-02T07:32:08","slug":"nova-namorada-de-gabriel-medina-da-recado-em-camiseta-e-surfista-reage-era-meu-sonho","status":"publish","type":"post","link":"https:\/\/www.europesays.com\/pt\/55212\/","title":{"rendered":"Nova namorada de Gabriel Medina d\u00e1 recado em camiseta e surfista reage: &#8216;Era meu sonho&#8217;"},"content":{"rendered":"<p>Gabriel Medina e Isabella Arantes n\u00e3o fazem mais segredo que est\u00e3o juntos \u2014 o namoro foi assumido na semana passada, depois da temporada que passaram na Pen\u00ednsula de Mara\u00fa, na Bahia. Ao relembrar momentos da viagem, a modelo e bailarina postou um s\u00e9rie de cliques usando uma camiseta na qual se lia em ingl\u00eas \u201cdestruidora de cora\u00e7\u00f5es\u201d.<\/p>\n<p>Gabriel Medina reagiu \u00e0 postagem da nova namorada. \u201cEra meu sonho\u201d, escreveu o surfista. O coment\u00e1rio ganhou quase 900 curtidas no Instagram.<\/p>\n<p>Os rumores de romance entre Isabella Arantes, que \u00e9 ex-noiva de Z\u00e9 Felipe, e Gabriel Medina come\u00e7aram em julho, depois que o surfista esteve presente no jantar de anivers\u00e1rio de 28 anos da modelo. Depois, no mesmo dia, os dois foram flagrados juntinhos num show em S\u00e3o Paulo. As informa\u00e7\u00f5es s\u00e3o do Extra.<\/p>\n<p><a href=\"https:\/\/aloalobahia.com\/noticias\/2025\/08\/30\/gabriel-medina-se-despede-de-temporada-na-bahia-e-declara-energia-recarregada\/\" rel=\"nofollow noopener\" target=\"_blank\">Gabriel Medina se despede de temporada na Bahia e declara: \u201cEnergia recarregada\u201d\u00a0<\/a><\/p>\n","protected":false},"excerpt":{"rendered":"Gabriel Medina e Isabella Arantes n\u00e3o fazem mais segredo que est\u00e3o juntos \u2014 o namoro foi assumido na&hellip;\n","protected":false},"author":2,"featured_media":55213,"comment_status":"","ping_status":"","sticky":false,"template":"","format":"standard","meta":{"footnotes":""},"categories":[145],"tags":[211,210,114,115,32,33],"class_list":{"0":"post-55212","1":"post","2":"type-post","3":"status-publish","4":"format-standard","5":"has-post-thumbnail","7":"category-celebridades","8":"tag-celebridades","9":"tag-celebrities","10":"tag-entertainment","11":"tag-entretenimento","12":"tag-portugal","13":"tag-pt"},"share_on_mastodon":{"url":"","error":""},"_links":{"self":[{"href":"https:\/\/www.europesays.com\/pt\/wp-json\/wp\/v2\/posts\/55212","targetHints":{"allow":["GET"]}}],"collection":[{"href":"https:\/\/www.europesays.com\/pt\/wp-json\/wp\/v2\/posts"}],"about":[{"href":"https:\/\/www.europesays.com\/pt\/wp-json\/wp\/v2\/types\/post"}],"author":[{"embeddable":true,"href":"https:\/\/www.europesays.com\/pt\/wp-json\/wp\/v2\/users\/2"}],"replies":[{"embeddable":true,"href":"https:\/\/www.europesays.com\/pt\/wp-json\/wp\/v2\/comments?post=55212"}],"version-history":[{"count":0,"href":"https:\/\/www.europesays.com\/pt\/wp-json\/wp\/v2\/posts\/55212\/revisions"}],"wp:featuredmedia":[{"embeddable":true,"href":"https:\/\/www.europesays.com\/pt\/wp-json\/wp\/v2\/media\/55213"}],"wp:attachment":[{"href":"https:\/\/www.europesays.com\/pt\/wp-json\/wp\/v2\/media?parent=55212"}],"wp:term":[{"taxonomy":"category","embeddable":true,"href":"https:\/\/www.europesays.com\/pt\/wp-json\/wp\/v2\/categories?post=55212"},{"taxonomy":"post_tag","embeddable":true,"href":"https:\/\/www.europesays.com\/pt\/wp-json\/wp\/v2\/tags?post=55212"}],"curies":[{"name":"wp","href":"https:\/\/api.w.org\/{rel}","templated":true}]}}