{"id":55369,"date":"2025-09-02T09:50:08","date_gmt":"2025-09-02T09:50:08","guid":{"rendered":"https:\/\/www.europesays.com\/pt\/55369\/"},"modified":"2025-09-02T09:50:08","modified_gmt":"2025-09-02T09:50:08","slug":"preparado-para-pagar-mais-o-proximo-smartphone-sera-mais-caro","status":"publish","type":"post","link":"https:\/\/www.europesays.com\/pt\/55369\/","title":{"rendered":"Preparado para pagar mais? O pr\u00f3ximo smartphone ser\u00e1 mais caro"},"content":{"rendered":"<p>O pre\u00e7o de um smartphone depende de muitos fatores e de muitos elementos. Este valor nunca \u00e9 conhecido, mas h\u00e1 uma ideia do valor de cada componente. Esta informa\u00e7\u00e3o vem mostrar um futuro menos positivo para o pre\u00e7o dos smartphones e a raz\u00e3o \u00e9 muito simples. H\u00e1 um elemento essencial que vai subir de pre\u00e7o e muito.<\/p>\n<p><a target=\"_blank\" href=\"https:\/\/pplware.sapo.pt\/wp-content\/uploads\/2025\/09\/smartphones_2025_preco_1.jpg\" onclick=\"refreshIframe()\" class=\"foobox\" rel=\"nofollow noopener\"><img fetchpriority=\"high\" decoding=\"async\" src=\"https:\/\/www.europesays.com\/pt\/wp-content\/uploads\/2025\/09\/smartphones_2025_preco_1-1024x576.jpg\" alt=\"pre\u00e7o smartphones TSMC iPhone pagar\" width=\"720\" height=\"405\" class=\"aligncenter size-large wp-image-1076385\"  \/><\/a>\n<\/p>\n<p>O seu pr\u00f3ximo smartphone ser\u00e1 mais caro<\/p>\n<p>A TSMC, uma das marcas mais secretas das gigantes tecnol\u00f3gicas, est\u00e1 nas not\u00edcias com uma decis\u00e3o que ter\u00e1 impacto direto nos pre\u00e7os dos smartphones. A empresa, l\u00edder na produ\u00e7\u00e3o de chips, prepara-se para <a target=\"_blank\" href=\"https:\/\/www.digitimes.com.tw\/tech\/dt\/n\/shwnws.asp?CnlID=1&amp;Cat=40&amp;id=0000731238_PO63BAPY2NGUUA9U1M8IS\" rel=\"nofollow noopener\">aumentar<\/a> os pre\u00e7os de produ\u00e7\u00e3o em 5% a 10% em 2026. Esta decis\u00e3o ir\u00e1 impactar diretamente os pre\u00e7os dos principais modelos de marcas como a Apple e a Samsung.<\/p>\n<p>O novo aumento de pre\u00e7os da TSMC ir\u00e1 afetar a s\u00e9rie iPhone 17 da Apple e a fam\u00edlia Galaxy S26 da Samsung. Espera-se que este aumento eleve os pre\u00e7os do iPhone 17 Pro e do iPhone 17 Pro Max em aproximadamente 50 d\u00f3lares (cerca de 42 euros).<\/p>\n<blockquote class=\"tw-align-center twitter-tweet\">\n<p lang=\"en\" dir=\"ltr\">Rumor: TSMC may hike prices for advanced chip manufacturing 5%-10% in 2026 to offset US tariffs, exchange rate fluctuations, and supply chain price pressures, media report. Prices will increase for advanced processes from 5\/4nm, 3nm, 2nm, while discounts may be coming for older\u2026<\/p>\n<p>\u2014 Dan Nystedt (@dnystedt) <a target=\"_blank\" href=\"https:\/\/twitter.com\/dnystedt\/status\/1962319750497030593?ref_src=twsrc%5Etfw\" rel=\"nofollow noopener\">September 1, 2025<\/a><\/p>\n<\/blockquote>\n<p>No entanto, estas informa\u00e7\u00f5es ainda n\u00e3o s\u00e3o definitivas. Estes aumentos de pre\u00e7os n\u00e3o se limitam aos modelos de 2026. Os futuros telefones flagship, como as s\u00e9ries iPhone 17 e iPhone 18, tamb\u00e9m ser\u00e3o lan\u00e7ados com pre\u00e7os mais elevados, resultado desta novidade.<\/p>\n<p>TSCM aumenta pre\u00e7o e isso afeta iPhone<\/p>\n<p>A TSMC, serve muitos dos principais fabricantes de chips, desde a NVIDIA \u00e0 Apple. Produz tanto os processadores da s\u00e9rie A da Apple como os processadores Snapdragon utilizados por muitos fabricantes de telem\u00f3veis.<\/p>\n<p><a target=\"_blank\" href=\"https:\/\/pplware.sapo.pt\/wp-content\/uploads\/2025\/09\/tsmc_1.jpg\" onclick=\"refreshIframe()\" class=\"foobox\" rel=\"nofollow noopener\"><img loading=\"lazy\" decoding=\"async\" src=\"https:\/\/www.europesays.com\/pt\/wp-content\/uploads\/2025\/09\/tsmc_1-1024x576.jpg\" alt=\"pre\u00e7o smartphones TSMC iPhone pagar\" width=\"720\" height=\"405\" class=\"aligncenter size-large wp-image-1076386\"  \/><\/a><\/p>\n<p>Este n\u00e3o \u00e9 o primeiro aumento de pre\u00e7os da TSMC. A empresa tamb\u00e9m aumentou os seus pre\u00e7os em 10% este ano. Isto est\u00e1 a levar as empresas tecnol\u00f3gicas a desenvolver a sua pr\u00f3pria produ\u00e7\u00e3o de chips para reduzir a sua depend\u00eancia de fontes estrangeiras. No entanto, o sucesso destes esfor\u00e7os \u00e9 ainda incerto.<\/p>\n<p>Esta onda de aumentos de pre\u00e7os, combinada com a incerteza econ\u00f3mica global e o aumento dos custos das mat\u00e9rias-primas, dever\u00e1 inaugurar uma nova estrat\u00e9gia de pre\u00e7os na ind\u00fastria dos smartphones. Os analistas do setor alertam que os gigantes tecnol\u00f3gicos ser\u00e3o for\u00e7ados a repercutir estes aumentos nos consumidores. Isso poder\u00e1 alterar a concorr\u00eancia no mercado e o comportamento dos consumidores.<\/p>\n<p>\t\t\t\t\t\t<script async src=\"https:\/\/platform.twitter.com\/widgets.js\" charset=\"utf-8\"><\/script><\/p>\n","protected":false},"excerpt":{"rendered":"O pre\u00e7o de um smartphone depende de muitos fatores e de muitos elementos. Este valor nunca \u00e9 conhecido,&hellip;\n","protected":false},"author":2,"featured_media":55370,"comment_status":"","ping_status":"","sticky":false,"template":"","format":"standard","meta":{"footnotes":""},"categories":[83],"tags":[88,89,90,2853,15863,32,10700,33,954,7980],"class_list":{"0":"post-55369","1":"post","2":"type-post","3":"status-publish","4":"format-standard","5":"has-post-thumbnail","7":"category-empresas","8":"tag-business","9":"tag-economy","10":"tag-empresas","11":"tag-iphone-ipod","12":"tag-pagar","13":"tag-portugal","14":"tag-preco","15":"tag-pt","16":"tag-smartphones","17":"tag-tsmc"},"share_on_mastodon":{"url":"","error":""},"_links":{"self":[{"href":"https:\/\/www.europesays.com\/pt\/wp-json\/wp\/v2\/posts\/55369","targetHints":{"allow":["GET"]}}],"collection":[{"href":"https:\/\/www.europesays.com\/pt\/wp-json\/wp\/v2\/posts"}],"about":[{"href":"https:\/\/www.europesays.com\/pt\/wp-json\/wp\/v2\/types\/post"}],"author":[{"embeddable":true,"href":"https:\/\/www.europesays.com\/pt\/wp-json\/wp\/v2\/users\/2"}],"replies":[{"embeddable":true,"href":"https:\/\/www.europesays.com\/pt\/wp-json\/wp\/v2\/comments?post=55369"}],"version-history":[{"count":0,"href":"https:\/\/www.europesays.com\/pt\/wp-json\/wp\/v2\/posts\/55369\/revisions"}],"wp:featuredmedia":[{"embeddable":true,"href":"https:\/\/www.europesays.com\/pt\/wp-json\/wp\/v2\/media\/55370"}],"wp:attachment":[{"href":"https:\/\/www.europesays.com\/pt\/wp-json\/wp\/v2\/media?parent=55369"}],"wp:term":[{"taxonomy":"category","embeddable":true,"href":"https:\/\/www.europesays.com\/pt\/wp-json\/wp\/v2\/categories?post=55369"},{"taxonomy":"post_tag","embeddable":true,"href":"https:\/\/www.europesays.com\/pt\/wp-json\/wp\/v2\/tags?post=55369"}],"curies":[{"name":"wp","href":"https:\/\/api.w.org\/{rel}","templated":true}]}}