{"id":55380,"date":"2025-09-02T10:04:14","date_gmt":"2025-09-02T10:04:14","guid":{"rendered":"https:\/\/www.europesays.com\/pt\/55380\/"},"modified":"2025-09-02T10:04:14","modified_gmt":"2025-09-02T10:04:14","slug":"uae-team-emirates-xrg-anuncia-a-saida-de-juan-ayuso-da-equipa","status":"publish","type":"post","link":"https:\/\/www.europesays.com\/pt\/55380\/","title":{"rendered":"UAE Team Emirates \u2013 XRG anuncia a sa\u00edda de Juan Ayuso da equipa"},"content":{"rendered":"<p>A rela\u00e7\u00e3o entre Juan Ayuso e a UAE Team Emirates \u2013 XRG <strong><a href=\"https:\/\/www.uaeteamemirates.com\/uae-team-emirates-xrg-agreement-part-ways-juan-ayuso\/\" rel=\"nofollow noopener\" target=\"_blank\">chegou ao fim antes do previsto<\/a><\/strong>. O jovem espanhol, que tinha contrato at\u00e9 2028, vai deixar a equipa no final da temporada de 2025, ap\u00f3s diverg\u00eancias quanto ao programa de desenvolvimento e \u00e0 filosofia desportiva da equipa.<\/p>\n<p>Ayuso chegou \u00e0 equipa em 2021 como mais um talento promissor do ciclismo mundial e cedo o confirmou, conquistando o 3.\u00ba lugar na Vuelta a Espanha 2022 e outras vit\u00f3rias de relevo, como o Tirreno-Adriatico em 2025. <\/p>\n<p>No entanto, a falta de entrosamento com a equipa em algumas ocasi\u00f5es, como no Tour em 2024 e, mais recentemente, no <strong><a href=\"https:\/\/www.topcycling.pt\/giro-de-italia-etapa-10-ayuso-inclina-se-perante-roglic-em-pisa\/\" rel=\"nofollow noopener\" target=\"_blank\">Giro 2025<\/a><\/strong> e <strong><a href=\"https:\/\/www.topcycling.pt\/vuelta-a-espanha-2025-etapa-7-a-resposta-de-ayuso\/\" rel=\"nofollow noopener\" target=\"_blank\">Vuelta 2025<\/a><\/strong>, poder\u00e1 ter levantado algumas tens\u00f5es dentro da equipa.<\/p>\n<p><img decoding=\"async\" loading=\"lazy\" width=\"2015\" height=\"1343\" src=\"https:\/\/www.europesays.com\/pt\/wp-content\/uploads\/2025\/09\/MP109733.jpg\" alt=\"\" class=\"wp-image-48885\"  \/>Cr\u00e9ditos da foto: Massimo Paolone\/LaPresse<\/p>\n<p>Durante o Giro deste ano, Ayuso come\u00e7ou como l\u00edder, mas acabou por perder protagonismo para Del Toro, que terminou a corrida no 2.\u00ba lugar. J\u00e1 em prepara\u00e7\u00e3o para o Mundial, foi surpreendido com a convocat\u00f3ria para a Vuelta a Espa\u00f1a, algo que n\u00e3o agradou ao espanhol, sobretudo pela perspetiva de n\u00e3o ser o l\u00edder nesta corrida.<\/p>\n<p><img decoding=\"async\" loading=\"lazy\" width=\"2048\" height=\"1365\" src=\"https:\/\/www.europesays.com\/pt\/wp-content\/uploads\/2025\/09\/GM100214.jpg\" alt=\"\" class=\"wp-image-50316\"  \/>Foto: LaPresse<\/p>\n<p>Hoje, durante o primeiro dia de descanso da Vuelta, a equipa lan\u00e7ou uma not\u00edcia bomba que anuncia a sa\u00edda de Juan Ayuso.<\/p>\n<p><strong><a href=\"https:\/\/www.uaeteamemirates.com\/uae-team-emirates-xrg-agreement-part-ways-juan-ayuso\/\" rel=\"nofollow noopener\" target=\"_blank\">Em comunicado oficial da UAE Team Emirates \u2013 XRG<\/a><\/strong>, estas foram as declara\u00e7\u00f5es de Mauro Gianetti:<\/p>\n<blockquote class=\"wp-block-quote\">\n<p>\u201cO Juan tem sido um talento valioso e estamos gratos pelo que constru\u00edmos juntos. O nosso projeto desportivo sempre se baseou na continuidade, harmonia de grupo e na constru\u00e7\u00e3o de uma equipa vencedora. Acreditamos que esta decis\u00e3o \u00e9 a mais consistente com os valores que definem a nossa organiza\u00e7\u00e3o. Desejamos ao Juan todo o sucesso no futuro.\u201d<\/p>\n<p>\u2014 Mauro Gianetti, CEO da UAE Team Emirates \u2013 XRG<\/p><\/blockquote>\n<p>Ayuso tamb\u00e9m deixou uma mensagem de despedida no mesmo comunicado:<\/p>\n<blockquote class=\"wp-block-quote\">\n<p>\u201cQuero agradecer \u00e0 equipa pelo apoio e pelas oportunidades que me deram ao longo destes anos. Tive a chance de crescer e competir ao lado dos melhores, e sei que o que aprendi ficar\u00e1 sempre comigo. Agora sinto que \u00e9 o momento de seguir um caminho diferente, com o mesmo entusiasmo. Desejo muito sucesso \u00e0 UAE Team Emirates \u2013 XRG no futuro.\u201d<\/p>\n<p>Juan Ayuso, ciclista da UAE Team Emirates \u2013 XRG<\/p><\/blockquote>\n<p>Lidl-Trek poder\u00e1 ser o destino de Juan Ayuso<\/p>\n<p>Com apenas <strong>22 anos<\/strong>, Juan Ayuso \u00e9 um dos maiores talentos do pelot\u00e3o internacional e n\u00e3o faltar\u00e3o  equipas interessadas na sua contrata\u00e7\u00e3o. H\u00e1 rumores de que a <strong>Lidl-Trek<\/strong> \u00e1 a principal candidata a receb\u00ea-lo j\u00e1 em 2026.<\/p>\n<p>Cr\u00e9ditos da foto de destaque: Fabio Ferrari\/LaPresse<\/p>\n","protected":false},"excerpt":{"rendered":"A rela\u00e7\u00e3o entre Juan Ayuso e a UAE Team Emirates \u2013 XRG chegou ao fim antes do previsto.&hellip;\n","protected":false},"author":2,"featured_media":55381,"comment_status":"","ping_status":"","sticky":false,"template":"","format":"standard","meta":{"footnotes":""},"categories":[87],"tags":[135,10298,14801,32,33,134,15867,12906],"class_list":{"0":"post-55380","1":"post","2":"type-post","3":"status-publish","4":"format-standard","5":"has-post-thumbnail","7":"category-desporto","8":"tag-desporto","9":"tag-estrada","10":"tag-juan-ayuso","11":"tag-portugal","12":"tag-pt","13":"tag-sports","14":"tag-uae-emirates-xrg","15":"tag-world-tour"},"share_on_mastodon":{"url":"","error":""},"_links":{"self":[{"href":"https:\/\/www.europesays.com\/pt\/wp-json\/wp\/v2\/posts\/55380","targetHints":{"allow":["GET"]}}],"collection":[{"href":"https:\/\/www.europesays.com\/pt\/wp-json\/wp\/v2\/posts"}],"about":[{"href":"https:\/\/www.europesays.com\/pt\/wp-json\/wp\/v2\/types\/post"}],"author":[{"embeddable":true,"href":"https:\/\/www.europesays.com\/pt\/wp-json\/wp\/v2\/users\/2"}],"replies":[{"embeddable":true,"href":"https:\/\/www.europesays.com\/pt\/wp-json\/wp\/v2\/comments?post=55380"}],"version-history":[{"count":0,"href":"https:\/\/www.europesays.com\/pt\/wp-json\/wp\/v2\/posts\/55380\/revisions"}],"wp:featuredmedia":[{"embeddable":true,"href":"https:\/\/www.europesays.com\/pt\/wp-json\/wp\/v2\/media\/55381"}],"wp:attachment":[{"href":"https:\/\/www.europesays.com\/pt\/wp-json\/wp\/v2\/media?parent=55380"}],"wp:term":[{"taxonomy":"category","embeddable":true,"href":"https:\/\/www.europesays.com\/pt\/wp-json\/wp\/v2\/categories?post=55380"},{"taxonomy":"post_tag","embeddable":true,"href":"https:\/\/www.europesays.com\/pt\/wp-json\/wp\/v2\/tags?post=55380"}],"curies":[{"name":"wp","href":"https:\/\/api.w.org\/{rel}","templated":true}]}}