{"id":55410,"date":"2025-09-02T10:34:08","date_gmt":"2025-09-02T10:34:08","guid":{"rendered":"https:\/\/www.europesays.com\/pt\/55410\/"},"modified":"2025-09-02T10:34:08","modified_gmt":"2025-09-02T10:34:08","slug":"relembre-ancoras-do-jornal-nacional-william-bonner-anunciou-despedida","status":"publish","type":"post","link":"https:\/\/www.europesays.com\/pt\/55410\/","title":{"rendered":"Relembre \u00e2ncoras do Jornal Nacional; William Bonner anunciou despedida"},"content":{"rendered":"\n<p class=\" content-text__container \" data-track-category=\"Link no Texto\" data-track-links=\"\"> &#8220;N\u00f3s podemos errar, n\u00f3s podemos eventualmente at\u00e9 nos emocionar no ar, e quando a gente erra a gente rapidamente admite: &#8216;Erramos e vamos corrigir&#8217;, pedimos desculpas. Isso encoraja as pessoas: &#8216;Olha, \u00e9 poss\u00edvel ter outras formas de se ver, de se pensar&#8217;. Enfim, o Jornal Nacional \u00e9 tamb\u00e9m um pouquinho disso, reflete essa transforma\u00e7\u00e3o do povo, da nossa gente. Acho que \u00e9 um dos pap\u00e9is do jornalista se mostrar aberto a ouvir, a ponderar, mesmo que n\u00e3o concorde, com outras opini\u00f5es, com outros pontos de vista.&#8221; <\/p>\n","protected":false},"excerpt":{"rendered":"&#8220;N\u00f3s podemos errar, n\u00f3s podemos eventualmente at\u00e9 nos emocionar no ar, e quando a gente erra a gente&hellip;\n","protected":false},"author":2,"featured_media":55411,"comment_status":"","ping_status":"","sticky":false,"template":"","format":"standard","meta":{"footnotes":""},"categories":[145],"tags":[211,210,114,115,32,33],"class_list":{"0":"post-55410","1":"post","2":"type-post","3":"status-publish","4":"format-standard","5":"has-post-thumbnail","7":"category-celebridades","8":"tag-celebridades","9":"tag-celebrities","10":"tag-entertainment","11":"tag-entretenimento","12":"tag-portugal","13":"tag-pt"},"share_on_mastodon":{"url":"","error":""},"_links":{"self":[{"href":"https:\/\/www.europesays.com\/pt\/wp-json\/wp\/v2\/posts\/55410","targetHints":{"allow":["GET"]}}],"collection":[{"href":"https:\/\/www.europesays.com\/pt\/wp-json\/wp\/v2\/posts"}],"about":[{"href":"https:\/\/www.europesays.com\/pt\/wp-json\/wp\/v2\/types\/post"}],"author":[{"embeddable":true,"href":"https:\/\/www.europesays.com\/pt\/wp-json\/wp\/v2\/users\/2"}],"replies":[{"embeddable":true,"href":"https:\/\/www.europesays.com\/pt\/wp-json\/wp\/v2\/comments?post=55410"}],"version-history":[{"count":0,"href":"https:\/\/www.europesays.com\/pt\/wp-json\/wp\/v2\/posts\/55410\/revisions"}],"wp:featuredmedia":[{"embeddable":true,"href":"https:\/\/www.europesays.com\/pt\/wp-json\/wp\/v2\/media\/55411"}],"wp:attachment":[{"href":"https:\/\/www.europesays.com\/pt\/wp-json\/wp\/v2\/media?parent=55410"}],"wp:term":[{"taxonomy":"category","embeddable":true,"href":"https:\/\/www.europesays.com\/pt\/wp-json\/wp\/v2\/categories?post=55410"},{"taxonomy":"post_tag","embeddable":true,"href":"https:\/\/www.europesays.com\/pt\/wp-json\/wp\/v2\/tags?post=55410"}],"curies":[{"name":"wp","href":"https:\/\/api.w.org\/{rel}","templated":true}]}}