{"id":55457,"date":"2025-09-02T11:16:13","date_gmt":"2025-09-02T11:16:13","guid":{"rendered":"https:\/\/www.europesays.com\/pt\/55457\/"},"modified":"2025-09-02T11:16:13","modified_gmt":"2025-09-02T11:16:13","slug":"antes-de-anunciar-saida-do-jornal-nacional-bonner-fez-piada-na-web-com-troca-de-cadeira-com-renata-vasconcellos","status":"publish","type":"post","link":"https:\/\/www.europesays.com\/pt\/55457\/","title":{"rendered":"Antes de anunciar sa\u00edda do &#8216;Jornal Nacional&#8217;, Bonner fez piada na web com troca de cadeira com Renata Vasconcellos"},"content":{"rendered":"\n<p class=\" content-text__container \" data-track-category=\"Link no Texto\" data-track-links=\"\"> &#8220;Este \u00e9 o fundo do cen\u00e1rio, que \u00e9 um vidro, que pode ser transparente e ficar completamente opaco. Ele \u00e9 feito para criar uma sensa\u00e7\u00e3o de 3D, uma coisinha que chamamos de CT, cen\u00e1rio tem\u00e1tico. Este outro cen\u00e1rio tem\u00e1tico \u00e9 o neutro, o mapa-m\u00fandi. O que tem de novo, estreou ontem, agora tem pontos de luz que d\u00e3o a esse mapa uma vida que n\u00e3o tinha antes. Olha que bonito ficou. Isso \u00e9 s\u00f3 um exemplo de cen\u00e1rio tem\u00e1tico neutro do &#8216;JN&#8217; e ter\u00e3o outros que vamos testar. Estamos h\u00e1 meses testando. Porque atr\u00e1s desse tel\u00e3o tem janelas, as janelas est\u00e3o sendo fechadas cedo, a tarde inteira o pessoal da arte respons\u00e1vel fica testando os efeitos principais. Isso vai chamar a aten\u00e7\u00e3o, imposs\u00edvel n\u00e3o chamar. D\u00e3o uma sensa\u00e7\u00e3o de profundidade, gera\u00e7\u00e3o nova&#8221;, explicou. <\/p>\n","protected":false},"excerpt":{"rendered":"&#8220;Este \u00e9 o fundo do cen\u00e1rio, que \u00e9 um vidro, que pode ser transparente e ficar completamente opaco.&hellip;\n","protected":false},"author":2,"featured_media":55458,"comment_status":"","ping_status":"","sticky":false,"template":"","format":"standard","meta":{"footnotes":""},"categories":[145],"tags":[211,210,114,115,32,33],"class_list":{"0":"post-55457","1":"post","2":"type-post","3":"status-publish","4":"format-standard","5":"has-post-thumbnail","7":"category-celebridades","8":"tag-celebridades","9":"tag-celebrities","10":"tag-entertainment","11":"tag-entretenimento","12":"tag-portugal","13":"tag-pt"},"share_on_mastodon":{"url":"","error":""},"_links":{"self":[{"href":"https:\/\/www.europesays.com\/pt\/wp-json\/wp\/v2\/posts\/55457","targetHints":{"allow":["GET"]}}],"collection":[{"href":"https:\/\/www.europesays.com\/pt\/wp-json\/wp\/v2\/posts"}],"about":[{"href":"https:\/\/www.europesays.com\/pt\/wp-json\/wp\/v2\/types\/post"}],"author":[{"embeddable":true,"href":"https:\/\/www.europesays.com\/pt\/wp-json\/wp\/v2\/users\/2"}],"replies":[{"embeddable":true,"href":"https:\/\/www.europesays.com\/pt\/wp-json\/wp\/v2\/comments?post=55457"}],"version-history":[{"count":0,"href":"https:\/\/www.europesays.com\/pt\/wp-json\/wp\/v2\/posts\/55457\/revisions"}],"wp:featuredmedia":[{"embeddable":true,"href":"https:\/\/www.europesays.com\/pt\/wp-json\/wp\/v2\/media\/55458"}],"wp:attachment":[{"href":"https:\/\/www.europesays.com\/pt\/wp-json\/wp\/v2\/media?parent=55457"}],"wp:term":[{"taxonomy":"category","embeddable":true,"href":"https:\/\/www.europesays.com\/pt\/wp-json\/wp\/v2\/categories?post=55457"},{"taxonomy":"post_tag","embeddable":true,"href":"https:\/\/www.europesays.com\/pt\/wp-json\/wp\/v2\/tags?post=55457"}],"curies":[{"name":"wp","href":"https:\/\/api.w.org\/{rel}","templated":true}]}}