{"id":55620,"date":"2025-09-02T13:45:06","date_gmt":"2025-09-02T13:45:06","guid":{"rendered":"https:\/\/www.europesays.com\/pt\/55620\/"},"modified":"2025-09-02T13:45:06","modified_gmt":"2025-09-02T13:45:06","slug":"ticiane-pinheiro-surpreende-com-declaracao-apos-ida-de-tralli-para-o-jornal-nacional-terra","status":"publish","type":"post","link":"https:\/\/www.europesays.com\/pt\/55620\/","title":{"rendered":"Ticiane Pinheiro surpreende com declara\u00e7\u00e3o ap\u00f3s ida de Tralli para o &#039;Jornal Nacional&#039; &#8211; Terra"},"content":{"rendered":"<ol>\n<li><a href=\"https:\/\/news.google.com\/rss\/articles\/CBMi_wFBVV95cUxPdXNvRWtmX2d5QUdEWWdsYkNLaU9QTGpHTHgtQWxrUFowcWJOTHFneWtlMjE5a1d6U1lnVFd3a19pM0dZcGlXOGRLUW1TOGcyVWtRdDFsT2pESFpVSWxkejVHMk5PSGQ2aHdwMWRnakpwb09LTm90MnRRS29aN2VPWjRfdDFKZjV6a2NoWkJFeTNBdUJwMlRGSmNZUHFheVhrVzFsMDFiRk9iVUE2T0p0MldMNXdHUXY5MUFEWE1KbzA3VE84LWZDVUVyUHc5ek8tQWg4VmZ2cE5kUmcyWUVlX2RBZjlBLVBiSUVBV2d0eUJCRlM1SDhjTVBzRHJmMWc?oc=5\" target=\"_blank\" rel=\"nofollow noopener\">Ticiane Pinheiro surpreende com declara\u00e7\u00e3o ap\u00f3s ida de Tralli para o &#8216;Jornal Nacional&#8217;<\/a>&nbsp;&nbsp;Terra<\/li>\n<li><a href=\"https:\/\/news.google.com\/rss\/articles\/CBMi2gFBVV95cUxNY3BsVFUzeXNjQ1NZSDItc0tiUldDMjJrS0x5SUxscHViaFF6V3dNbUR6RUVvUmU5Tk1OdlJFelRZZFZMUEZ2SFVZSFlzQlBXbmJ0YzRvTVNtUktudTZyZHVPR3ZBbmVuYUpFeTVDM1BWWVFUcDR2VVFqUFNSeUlYYnZWdzk4SzI1eTV2QWVaMDBMRVk2eDVrUS1qQ29kYTNIX1pxeWtSM2NQWkg3UXVBRmRsdXRHQWtWYy05bWVqWTBtaEtleWZFVEttMEhHcExFNFpoVUVJQlVsZ9IB6AFBVV95cUxQTmswdHY3bUxFZXp5UTdMeFJ0c1RDbEszNFhzeXZ3Snhyb0wxWFhwMC16Znl2Q2oxTGwzcFFiTVJXRTRkLTFhbC1kZ1hnZGI4bGVnVjYtVWpZczhWMnhRSThoX3d0YnpQNlNKVW9obm1NdDU0TU9tTHY4TGxkYUVlU0N6ekVsTTgwUm00ODJULWZHVEFyajZ0UXY3LWFYalRNWmFmN2tWUDloaHI1UGcxR19TOUJHdmc0Sy16cW9GTVo1RHBDdEFXb1BuMTZMY21NaVNTZjdYcnFUaFFhbXoyLVdHWGZWWHlo?oc=5\" target=\"_blank\" rel=\"nofollow noopener\">F\u00e1tima Bernardes parabeniza William Bonner ap\u00f3s an\u00fancio de despedida do &#8216;Jornal Nacional&#8217;<\/a>&nbsp;&nbsp;G1<\/li>\n<li><a href=\"https:\/\/news.google.com\/rss\/articles\/CBMiqwFBVV95cUxNVEc0VnVVc3JWTFJYcmVCazJ6WFJTbjFpSFFPLS1rTks5SlBOSGtVZ1Jzc2JxX3doRlBTYk9YREtMLVJFam1iQlNLY1g5MWFGUDdaWDJWQUxrZjAycVVTTFExOE1HTUgwRHRXOFI1NDBhTkhvNjktTmhVNUJJUDNUcnAyY3ZId1ZVVGdPTUw3R3Q0UUNGeHhqdDdlcnpuS29SSlFLaWVxX2RESTA?oc=5\" target=\"_blank\" rel=\"nofollow noopener\">Quanto a TV Globo perde com sa\u00edda de Bonner do \u2018Jornal Nacional\u2019<\/a>&nbsp;&nbsp;VEJA<\/li>\n<li><a href=\"https:\/\/news.google.com\/rss\/articles\/CBMi0gFBVV95cUxOOE5Ic3dReXJOZTlWc0ZrN1FNZUJrd2JWU21HcE1jc0Joem9VUGptTmhBWmxNUTdWWFpNd3draWxPR3BTNW1Ldm8zbnplaDZtWkw2U0RYcDJxN2RzYmtnbVRJRmxPcWh3OURoS2hPWjdHNUpCVmJKdEh0Sk02U2JwQXMwQjZYY0R5VWw3OVBsaHlUdkQxZFNmQmRXUlZxWmViX1BGSW0taUNZUUJnZkxXZXJKOVFEaFNsaVhMWk1TMjJyUWVab0VsZUVhSGFIUlI4ckE?oc=5\" target=\"_blank\" rel=\"nofollow noopener\">Ticiane Pinheiro celebra promo\u00e7\u00e3o de C\u00e9sar Tralli para a bancada do JN: \u2018Estarei ao seu lado\u2019<\/a>&nbsp;&nbsp;Estad\u00e3o<\/li>\n<li><a href=\"https:\/\/news.google.com\/rss\/articles\/CBMitgFBVV95cUxQVUgtZTF0aTBFdlFKRXN1dTg1ek5IUFFteDhkMTRxU2dnOGdwa3hndmNGT01XNnE5MmF2WU1oQnBOMTVOSFUtb0pPdlNUTFB0NDY1QWxIaVIwM1dDbFB1QVdzQ3BtZHFDNkpVWTVOek5fQnh5QXFIRFpnZkVISmR0Q0lZU0xPUmo5dlppU3cyR1dob3c2NFhtalV0bUVYT2d0elAyNnNHM3AxaGFQX1ZmdEFzMHEtUQ?oc=5\" target=\"_blank\" rel=\"nofollow noopener\">Para onde vai William Bonner? Saiba o que jornalista far\u00e1 ao sair do &#8220;JN&#8221;<\/a>&nbsp;&nbsp;CNN Brasil<\/li>\n<\/ol>\n","protected":false},"excerpt":{"rendered":"Ticiane Pinheiro surpreende com declara\u00e7\u00e3o ap\u00f3s ida de Tralli para o &#8216;Jornal Nacional&#8217;&nbsp;&nbsp;Terra F\u00e1tima Bernardes parabeniza William Bonner&hellip;\n","protected":false},"author":2,"featured_media":55580,"comment_status":"","ping_status":"","sticky":false,"template":"","format":"standard","meta":{"footnotes":""},"categories":[145],"tags":[211,210,114,115,32,33],"class_list":{"0":"post-55620","1":"post","2":"type-post","3":"status-publish","4":"format-standard","5":"has-post-thumbnail","7":"category-celebridades","8":"tag-celebridades","9":"tag-celebrities","10":"tag-entertainment","11":"tag-entretenimento","12":"tag-portugal","13":"tag-pt"},"share_on_mastodon":{"url":"","error":""},"_links":{"self":[{"href":"https:\/\/www.europesays.com\/pt\/wp-json\/wp\/v2\/posts\/55620","targetHints":{"allow":["GET"]}}],"collection":[{"href":"https:\/\/www.europesays.com\/pt\/wp-json\/wp\/v2\/posts"}],"about":[{"href":"https:\/\/www.europesays.com\/pt\/wp-json\/wp\/v2\/types\/post"}],"author":[{"embeddable":true,"href":"https:\/\/www.europesays.com\/pt\/wp-json\/wp\/v2\/users\/2"}],"replies":[{"embeddable":true,"href":"https:\/\/www.europesays.com\/pt\/wp-json\/wp\/v2\/comments?post=55620"}],"version-history":[{"count":0,"href":"https:\/\/www.europesays.com\/pt\/wp-json\/wp\/v2\/posts\/55620\/revisions"}],"wp:featuredmedia":[{"embeddable":true,"href":"https:\/\/www.europesays.com\/pt\/wp-json\/wp\/v2\/media\/55580"}],"wp:attachment":[{"href":"https:\/\/www.europesays.com\/pt\/wp-json\/wp\/v2\/media?parent=55620"}],"wp:term":[{"taxonomy":"category","embeddable":true,"href":"https:\/\/www.europesays.com\/pt\/wp-json\/wp\/v2\/categories?post=55620"},{"taxonomy":"post_tag","embeddable":true,"href":"https:\/\/www.europesays.com\/pt\/wp-json\/wp\/v2\/tags?post=55620"}],"curies":[{"name":"wp","href":"https:\/\/api.w.org\/{rel}","templated":true}]}}