{"id":55657,"date":"2025-09-02T14:14:16","date_gmt":"2025-09-02T14:14:16","guid":{"rendered":"https:\/\/www.europesays.com\/pt\/55657\/"},"modified":"2025-09-02T14:14:16","modified_gmt":"2025-09-02T14:14:16","slug":"e-um-pouco-uma-pena-perder-um-dinamarques-na-equipa","status":"publish","type":"post","link":"https:\/\/www.europesays.com\/pt\/55657\/","title":{"rendered":"\u00ab\u00c9 um pouco uma pena perder um dinamarqu\u00eas na equipa\u00bb"},"content":{"rendered":"<p><strong><strong>Morten Hjulmand j\u00e1 comentou a sa\u00edda de Conrad Harder do Sporting. M\u00e9dio dinamarqu\u00eas prestou declara\u00e7\u00f5es \u00e0 margem do est\u00e1gio da sele\u00e7\u00e3o.<\/strong><\/strong><\/p>\n<p>\u00c0 margem da concentra\u00e7\u00e3o da sele\u00e7\u00e3o dinamarques, Morten Hjulmand comentou a sa\u00edda de Conrad Harder do Sporting. Capit\u00e3o leonino desejou sorte ao avan\u00e7ado no seu <a href=\"https:\/\/bolanarede.pt\/especial-bola-na-rede\/atualidade\/conrad-harder-deixa-sporting-e-ja-foi-oficializado-como-reforco-do-rb-leipzig\/\" target=\"_blank\" rel=\"noreferrer noopener nofollow\">percurso que ser\u00e1 trilhado no RB Leipzig<\/a>. <\/p>\n<p>\u00abEspero que tenha sucesso com a transfer\u00eancia e que tenha um bom come\u00e7o no novo clube. Claro que \u00e9 um pouco uma pena perder um dinamarqu\u00eas na equipa, mas desejo-lhe o melhor do mundo para ele no novo clube\u00bb, destacou Morten Hjulmand \u00e0 imprensa local. <\/p>\n<p>Morten Hjulmand partilhou balne\u00e1rio com Conrad Harder durante toda a passagem do avan\u00e7ado por Alvalade. Os dois jogadores continuar\u00e3o a encontrar-se ao servi\u00e7o da sele\u00e7\u00e3o. <\/p>\n","protected":false},"excerpt":{"rendered":"Morten Hjulmand j\u00e1 comentou a sa\u00edda de Conrad Harder do Sporting. M\u00e9dio dinamarqu\u00eas prestou declara\u00e7\u00f5es \u00e0 margem do&hellip;\n","protected":false},"author":2,"featured_media":55658,"comment_status":"","ping_status":"","sticky":false,"template":"","format":"standard","meta":{"footnotes":"","_share_on_mastodon":"0"},"categories":[8],"tags":[260,27,28,4929,4639,15,16,14,25,26,21,22,2075,12,13,19,20,32,479,23,24,33,34,17,18,29,30,31],"class_list":["post-55657","post","type-post","status-publish","format-standard","has-post-thumbnail","category-principais-noticias","tag-atualidade","tag-breaking-news","tag-breakingnews","tag-conrad-harder","tag-dinamarca","tag-featured-news","tag-featurednews","tag-headlines","tag-latest-news","tag-latestnews","tag-main-news","tag-mainnews","tag-morten-hjulmand","tag-news","tag-noticias","tag-noticias-principais","tag-noticiasprincipais","tag-portugal","tag-primeira-liga","tag-principais-noticias","tag-principaisnoticias","tag-pt","tag-sporting","tag-top-stories","tag-topstories","tag-ultimas","tag-ultimas-noticias","tag-ultimasnoticias"],"share_on_mastodon":{"url":"","error":""},"_links":{"self":[{"href":"https:\/\/www.europesays.com\/pt\/wp-json\/wp\/v2\/posts\/55657","targetHints":{"allow":["GET"]}}],"collection":[{"href":"https:\/\/www.europesays.com\/pt\/wp-json\/wp\/v2\/posts"}],"about":[{"href":"https:\/\/www.europesays.com\/pt\/wp-json\/wp\/v2\/types\/post"}],"author":[{"embeddable":true,"href":"https:\/\/www.europesays.com\/pt\/wp-json\/wp\/v2\/users\/2"}],"replies":[{"embeddable":true,"href":"https:\/\/www.europesays.com\/pt\/wp-json\/wp\/v2\/comments?post=55657"}],"version-history":[{"count":0,"href":"https:\/\/www.europesays.com\/pt\/wp-json\/wp\/v2\/posts\/55657\/revisions"}],"wp:featuredmedia":[{"embeddable":true,"href":"https:\/\/www.europesays.com\/pt\/wp-json\/wp\/v2\/media\/55658"}],"wp:attachment":[{"href":"https:\/\/www.europesays.com\/pt\/wp-json\/wp\/v2\/media?parent=55657"}],"wp:term":[{"taxonomy":"category","embeddable":true,"href":"https:\/\/www.europesays.com\/pt\/wp-json\/wp\/v2\/categories?post=55657"},{"taxonomy":"post_tag","embeddable":true,"href":"https:\/\/www.europesays.com\/pt\/wp-json\/wp\/v2\/tags?post=55657"}],"curies":[{"name":"wp","href":"https:\/\/api.w.org\/{rel}","templated":true}]}}