{"id":55791,"date":"2025-09-02T15:54:12","date_gmt":"2025-09-02T15:54:12","guid":{"rendered":"https:\/\/www.europesays.com\/pt\/55791\/"},"modified":"2025-09-02T15:54:12","modified_gmt":"2025-09-02T15:54:12","slug":"justica-aumenta-indenizacao-que-nikolas-tera-de-pagar-a-felipe-neto","status":"publish","type":"post","link":"https:\/\/www.europesays.com\/pt\/55791\/","title":{"rendered":"Justi\u00e7a aumenta indeniza\u00e7\u00e3o que Nikolas ter\u00e1 de pagar a Felipe Neto"},"content":{"rendered":"<p><strong>O Tribunal de Justi\u00e7a do Rio de Janeiro (TJRJ) aumentou de R$ 8 mil para R$ 12 mil o valor da indeniza\u00e7\u00e3o por danos morais que o deputado federal Nikolas Ferreira (PL-MG) ter\u00e1 de pagar ao influenciador digital Felipe Neto.<\/strong><img decoding=\"async\" src=\"https:\/\/www.europesays.com\/pt\/wp-content\/uploads\/2025\/09\/1756828452_829_ebc.png\" style=\"width:1px; height:1px; display:inline;\"\/><img decoding=\"async\" src=\"https:\/\/www.europesays.com\/pt\/wp-content\/uploads\/2025\/09\/1756828452_462_ebc.gif\" style=\"width:1px; height:1px; display:inline;\"\/><\/p>\n<p>A desembargadora Renata Machado Cotta, da 2\u00aa C\u00e2mara de Direito Privado do TJRJ escreveu, em sua decis\u00e3o, que Nikolas fez uso, sem autoriza\u00e7\u00e3o, do nome, da voz e imagem de Felipe Neto para reprovar os posicionamentos do influenciador, afirmando que ele cancela, dezenas de pessoas e transmite ideias reprov\u00e1veis a crian\u00e7as.<\/p>\n<p><strong>A senten\u00e7a, de primeira inst\u00e2ncia, que estabeleceu o valor em R$ 8 mil, \u00e9 de novembro de 2024. No entanto, Felipe Neto recorreu, alegando que sua imagem foi usada de forma negativa, vexat\u00f3ria, com conte\u00fado veiculado nas redes sociais do r\u00e9u, com a finalidade de obten\u00e7\u00e3o de lucro.<\/strong><\/p>\n<p><a href=\"https:\/\/www.whatsapp.com\/channel\/0029VaoRTgrInlqYLSk59B2M\" target=\"_blank\" rel=\"nofollow noopener\">&gt;&gt; Siga o canal da <strong>Ag\u00eancia Brasil <\/strong>no WhatsApp<\/a><\/p>\n<p>Na decis\u00e3o, por unanimidade, os desembargadores seguiram o voto da relatora. A desembargadora escreveu \u201cque ambas as partes s\u00e3o pessoas p\u00fablicas e que ostentam razo\u00e1vel condi\u00e7\u00e3o financeira, considero que o valor deve ser majorado para R$ 12 mil, quantia que melhor considera a extens\u00e3o da exposi\u00e7\u00e3o a que o autor foi submetido, bem como o intuito, ainda que indireto, do r\u00e9u, de obter provento pr\u00f3prio\u201d.<\/p>\n","protected":false},"excerpt":{"rendered":"O Tribunal de Justi\u00e7a do Rio de Janeiro (TJRJ) aumentou de R$ 8 mil para R$ 12 mil&hellip;\n","protected":false},"author":2,"featured_media":55792,"comment_status":"","ping_status":"","sticky":false,"template":"","format":"standard","meta":{"footnotes":""},"categories":[145],"tags":[211,210,114,115,32,33],"class_list":{"0":"post-55791","1":"post","2":"type-post","3":"status-publish","4":"format-standard","5":"has-post-thumbnail","7":"category-celebridades","8":"tag-celebridades","9":"tag-celebrities","10":"tag-entertainment","11":"tag-entretenimento","12":"tag-portugal","13":"tag-pt"},"share_on_mastodon":{"url":"","error":""},"_links":{"self":[{"href":"https:\/\/www.europesays.com\/pt\/wp-json\/wp\/v2\/posts\/55791","targetHints":{"allow":["GET"]}}],"collection":[{"href":"https:\/\/www.europesays.com\/pt\/wp-json\/wp\/v2\/posts"}],"about":[{"href":"https:\/\/www.europesays.com\/pt\/wp-json\/wp\/v2\/types\/post"}],"author":[{"embeddable":true,"href":"https:\/\/www.europesays.com\/pt\/wp-json\/wp\/v2\/users\/2"}],"replies":[{"embeddable":true,"href":"https:\/\/www.europesays.com\/pt\/wp-json\/wp\/v2\/comments?post=55791"}],"version-history":[{"count":0,"href":"https:\/\/www.europesays.com\/pt\/wp-json\/wp\/v2\/posts\/55791\/revisions"}],"wp:featuredmedia":[{"embeddable":true,"href":"https:\/\/www.europesays.com\/pt\/wp-json\/wp\/v2\/media\/55792"}],"wp:attachment":[{"href":"https:\/\/www.europesays.com\/pt\/wp-json\/wp\/v2\/media?parent=55791"}],"wp:term":[{"taxonomy":"category","embeddable":true,"href":"https:\/\/www.europesays.com\/pt\/wp-json\/wp\/v2\/categories?post=55791"},{"taxonomy":"post_tag","embeddable":true,"href":"https:\/\/www.europesays.com\/pt\/wp-json\/wp\/v2\/tags?post=55791"}],"curies":[{"name":"wp","href":"https:\/\/api.w.org\/{rel}","templated":true}]}}