{"id":56109,"date":"2025-09-02T19:46:11","date_gmt":"2025-09-02T19:46:11","guid":{"rendered":"https:\/\/www.europesays.com\/pt\/56109\/"},"modified":"2025-09-02T19:46:11","modified_gmt":"2025-09-02T19:46:11","slug":"influencer-de-32-anos-marido-e-filhos-menores-encontrados-mortos-dentro-de-carro-criancas-tinham-7-e-13-anos-noticias-de-hoje","status":"publish","type":"post","link":"https:\/\/www.europesays.com\/pt\/56109\/","title":{"rendered":"Influencer de 32 anos, marido e filhos menores encontrados mortos dentro de carro. Crian\u00e7as tinham 7 e 13 anos &#8211; Not\u00edcias de hoje"},"content":{"rendered":"<p>A comunidade digital est\u00e1 em choque com a morte tr\u00e1gica da influenciadora Esmeralda Ferrer Garibay, de 32 anos, que foi encontrada sem vida dentro de um carro, ao lado do marido e dos dois filhos.<\/p>\n<p>O caso ocorreu a 22 de agosto, em Guadalajara, no M\u00e9xico. Segundo a imprensa local, quatro corpos foram descobertos no interior de um ve\u00edculo, abandonado no bairro de San Andr\u00e9s, todos envoltos em pl\u00e1stico, escreve a<a href=\"https:\/\/people.com\/influencer-esmeralda-ferrer-garibay-dies-at-32-11801262\" target=\"_blank\" rel=\"nofollow noopener\"> revista People.\u00a0<\/a><\/p>\n<p>V\u00e1rios dias depois, as autoridades confirmaram a identidade das v\u00edtimas: Esmeralda, o marido de 36 anos e os dois filhos do casal, de apenas 13 e sete anos, como escreve a People, com base em informa\u00e7\u00f5es avan\u00e7adas pelo jornal mexicano El Financiero.<\/p>\n<p>Esmeralda era conhecida no TikTok pelo perfil Esmeralda FG, criado em 2020. Inicialmente, publicava v\u00eddeos c\u00f3micos, mas, com o crescimento da conta \u2014 que j\u00e1 ultrapassava os 43 mil seguidores \u2014, come\u00e7ou a dedicar-se a partilhar momentos de estilo de vida e viagens.<\/p>\n<p>A not\u00edcia da morte da criadora de conte\u00fados e da sua fam\u00edlia tem gerado uma onda de consterna\u00e7\u00e3o nas redes sociais, onde f\u00e3s e amigos t\u00eam deixado mensagens de pesar. As circunst\u00e2ncias do crime permanecem sob investiga\u00e7\u00e3o.<\/p>\n","protected":false},"excerpt":{"rendered":"A comunidade digital est\u00e1 em choque com a morte tr\u00e1gica da influenciadora Esmeralda Ferrer Garibay, de 32 anos,&hellip;\n","protected":false},"author":2,"featured_media":56110,"comment_status":"","ping_status":"","sticky":false,"template":"","format":"standard","meta":{"footnotes":""},"categories":[50],"tags":[27,28,604,15,16,14,1434,488,25,26,21,22,1872,62,12,13,19,20,23,24,17,18,29,30,31,63,64,65],"class_list":{"0":"post-56109","1":"post","2":"type-post","3":"status-publish","4":"format-standard","5":"has-post-thumbnail","7":"category-mundo","8":"tag-breaking-news","9":"tag-breakingnews","10":"tag-crime","11":"tag-featured-news","12":"tag-featurednews","13":"tag-headlines","14":"tag-influencer","15":"tag-iol","16":"tag-latest-news","17":"tag-latestnews","18":"tag-main-news","19":"tag-mainnews","20":"tag-mexico","21":"tag-mundo","22":"tag-news","23":"tag-noticias","24":"tag-noticias-principais","25":"tag-noticiasprincipais","26":"tag-principais-noticias","27":"tag-principaisnoticias","28":"tag-top-stories","29":"tag-topstories","30":"tag-ultimas","31":"tag-ultimas-noticias","32":"tag-ultimasnoticias","33":"tag-world","34":"tag-world-news","35":"tag-worldnews"},"share_on_mastodon":{"url":"","error":""},"_links":{"self":[{"href":"https:\/\/www.europesays.com\/pt\/wp-json\/wp\/v2\/posts\/56109","targetHints":{"allow":["GET"]}}],"collection":[{"href":"https:\/\/www.europesays.com\/pt\/wp-json\/wp\/v2\/posts"}],"about":[{"href":"https:\/\/www.europesays.com\/pt\/wp-json\/wp\/v2\/types\/post"}],"author":[{"embeddable":true,"href":"https:\/\/www.europesays.com\/pt\/wp-json\/wp\/v2\/users\/2"}],"replies":[{"embeddable":true,"href":"https:\/\/www.europesays.com\/pt\/wp-json\/wp\/v2\/comments?post=56109"}],"version-history":[{"count":0,"href":"https:\/\/www.europesays.com\/pt\/wp-json\/wp\/v2\/posts\/56109\/revisions"}],"wp:featuredmedia":[{"embeddable":true,"href":"https:\/\/www.europesays.com\/pt\/wp-json\/wp\/v2\/media\/56110"}],"wp:attachment":[{"href":"https:\/\/www.europesays.com\/pt\/wp-json\/wp\/v2\/media?parent=56109"}],"wp:term":[{"taxonomy":"category","embeddable":true,"href":"https:\/\/www.europesays.com\/pt\/wp-json\/wp\/v2\/categories?post=56109"},{"taxonomy":"post_tag","embeddable":true,"href":"https:\/\/www.europesays.com\/pt\/wp-json\/wp\/v2\/tags?post=56109"}],"curies":[{"name":"wp","href":"https:\/\/api.w.org\/{rel}","templated":true}]}}