{"id":56158,"date":"2025-09-02T20:22:22","date_gmt":"2025-09-02T20:22:22","guid":{"rendered":"https:\/\/www.europesays.com\/pt\/56158\/"},"modified":"2025-09-02T20:22:22","modified_gmt":"2025-09-02T20:22:22","slug":"clovis-monteiro-50-anos-de-carreira-e-uma-nova-fase-na-tupi","status":"publish","type":"post","link":"https:\/\/www.europesays.com\/pt\/56158\/","title":{"rendered":"Cl\u00f3vis Monteiro: 50 anos de carreira e uma nova fase na Tupi"},"content":{"rendered":"<p>A partir desta segunda-feira (1\u00ba), o <a href=\"https:\/\/www.tupi.fm\/apresentadores\/clovis-monteiro\/\" target=\"_blank\" rel=\"noreferrer noopener nofollow\">Show do Cl\u00f3vis Monteiro<\/a> passa a ser transmitido \u00e0s 10h da manh\u00e3 na <strong>Super R\u00e1dio Tupi<\/strong>. Conhecido como o \u201cMotivador do Brasil\u201d, o comunicador conversou com a equipe de redes sociais da emissora e abriu o cora\u00e7\u00e3o sobre sua trajet\u00f3ria no r\u00e1dio, que completa 90 anos este m\u00eas.<\/p>\n<p>Prestes a completar 50 anos de carreira em 2026, Cl\u00f3vis relembrou os primeiros passos na profiss\u00e3o e surpreendeu ao revelar: \u201cEu era muito t\u00edmido, criei um personagem para conseguir me soltar no r\u00e1dio. Minha carreira come\u00e7ou por acaso, mas com muita paix\u00e3o. A <strong>Tupi <\/strong>me deu meu primeiro contrato. Hoje, fazer parte dos 90 anos dessa r\u00e1dio \u00e9 um orgulho imenso.\u201d<\/p>\n<p>Mesmo com a <a href=\"https:\/\/www.tupi.fm\/entretenimento\/super-radio-tupi-muda-grade-de-programacao-a-partir-de-setembro\/\" target=\"_blank\" rel=\"noreferrer noopener nofollow\">mudan\u00e7a de hor\u00e1rio<\/a>, o comunicador garante a mesma energia, humor e compromisso com a not\u00edcia que o consagraram ao longo de d\u00e9cadas. \u201cConviver com \u00eddolos e fazer parte da hist\u00f3ria da <strong>Tupi <\/strong>\u00e9 um sonho realizado. A r\u00e1dio mudou o jeito do Brasil fazer r\u00e1dio, e eu tenho muito orgulho disso.\u201d<\/p>\n<p>Assista ao vivo<\/p>\n<blockquote class=\"instagram-media\" data-instgrm-permalink=\"https:\/\/www.instagram.com\/reel\/DODf4qJieHA\/?utm_source=ig_embed&amp;utm_campaign=loading\" data-instgrm-version=\"14\" style=\" background:#FFF; border:0; border-radius:3px; box-shadow:0 0 1px 0 rgba(0,0,0,0.5),0 1px 10px 0 rgba(0,0,0,0.15); margin: 1px; max-width:540px; min-width:326px; padding:0; width:99.375%; width:-webkit-calc(100% - 2px); width:calc(100% - 2px);\"\/>\n<p>\t\t\t\t\t\t\t\t\t\t\t\t\t<script async src=\"\/\/www.instagram.com\/embed.js\"><\/script><\/p>\n","protected":false},"excerpt":{"rendered":"A partir desta segunda-feira (1\u00ba), o Show do Cl\u00f3vis Monteiro passa a ser transmitido \u00e0s 10h da manh\u00e3&hellip;\n","protected":false},"author":2,"featured_media":56159,"comment_status":"","ping_status":"","sticky":false,"template":"","format":"standard","meta":{"footnotes":""},"categories":[141],"tags":[10534,8161,16008,114,115,16011,16010,149,150,11649,32,33,2736,16009],"class_list":{"0":"post-56158","1":"post","2":"type-post","3":"status-publish","4":"format-standard","5":"has-post-thumbnail","7":"category-musica","8":"tag-anos","9":"tag-carreira","10":"tag-cl","11":"tag-entertainment","12":"tag-entretenimento","13":"tag-fase","14":"tag-monteiro","15":"tag-music","16":"tag-musica","17":"tag-nova","18":"tag-portugal","19":"tag-pt","20":"tag-tupi","21":"tag-vis"},"share_on_mastodon":{"url":"","error":""},"_links":{"self":[{"href":"https:\/\/www.europesays.com\/pt\/wp-json\/wp\/v2\/posts\/56158","targetHints":{"allow":["GET"]}}],"collection":[{"href":"https:\/\/www.europesays.com\/pt\/wp-json\/wp\/v2\/posts"}],"about":[{"href":"https:\/\/www.europesays.com\/pt\/wp-json\/wp\/v2\/types\/post"}],"author":[{"embeddable":true,"href":"https:\/\/www.europesays.com\/pt\/wp-json\/wp\/v2\/users\/2"}],"replies":[{"embeddable":true,"href":"https:\/\/www.europesays.com\/pt\/wp-json\/wp\/v2\/comments?post=56158"}],"version-history":[{"count":0,"href":"https:\/\/www.europesays.com\/pt\/wp-json\/wp\/v2\/posts\/56158\/revisions"}],"wp:featuredmedia":[{"embeddable":true,"href":"https:\/\/www.europesays.com\/pt\/wp-json\/wp\/v2\/media\/56159"}],"wp:attachment":[{"href":"https:\/\/www.europesays.com\/pt\/wp-json\/wp\/v2\/media?parent=56158"}],"wp:term":[{"taxonomy":"category","embeddable":true,"href":"https:\/\/www.europesays.com\/pt\/wp-json\/wp\/v2\/categories?post=56158"},{"taxonomy":"post_tag","embeddable":true,"href":"https:\/\/www.europesays.com\/pt\/wp-json\/wp\/v2\/tags?post=56158"}],"curies":[{"name":"wp","href":"https:\/\/api.w.org\/{rel}","templated":true}]}}