{"id":56213,"date":"2025-09-02T21:00:10","date_gmt":"2025-09-02T21:00:10","guid":{"rendered":"https:\/\/www.europesays.com\/pt\/56213\/"},"modified":"2025-09-02T21:00:10","modified_gmt":"2025-09-02T21:00:10","slug":"jovens-vao-ter-de-optar-entre-o-irs-jovem-ou-a-devolucao-das-propinas","status":"publish","type":"post","link":"https:\/\/www.europesays.com\/pt\/56213\/","title":{"rendered":"Jovens v\u00e3o ter de optar entre o IRS Jovem ou a devolu\u00e7\u00e3o das propinas"},"content":{"rendered":"<p class=\"category\"><a href=\"https:\/\/sicnoticias.pt\/pais\" rel=\"nofollow noopener\" target=\"_blank\">Pa\u00eds<\/a><\/p>\n<p>A mudan\u00e7a aplica-se apenas a novos pedidos. Os pedidos j\u00e1 aprovados continuar\u00e3o a ser pagos conforme previsto. Recorde-se que o segundo pagamento anual, que deveria ter sido feito at\u00e9 ao final de julho, dever\u00e1 ser pago no final da segunda semana de setembro.<\/p>\n<p><img decoding=\"async\" src=\"https:\/\/www.europesays.com\/pt\/wp-content\/uploads\/2025\/09\/1756846810_397_original.webp\" alt=\"O ministro da Educa\u00e7\u00e3o, Fernando Alexandre\"\/><\/p>\n<p>O ministro da Educa\u00e7\u00e3o, Fernando Alexandre<\/p>\n<p>ANT\u00c3NIO PEDRO SANTOS<\/p>\n<p><strong>Os jovens que ainda n\u00e3o estejam a <\/strong><strong>beneficiar da devolu\u00e7\u00e3o das propinas e que queiram agora pedir este pr\u00e9mio, ter\u00e3o de escolher entre esse apoio ou o IRS Jovem, esclareceu o ministro da Educa\u00e7\u00e3o.<\/strong><\/p>\n<p>Os <strong>pedidos j\u00e1 aprovados continuar\u00e3o a ser pagos<\/strong>, mas novos pedidos ter\u00e3o de escolher entre uma das op\u00e7\u00f5es.<\/p>\n<p>O IRS Jovem, defendeu esta ter\u00e7a-feira o ministro da Educa\u00e7\u00e3o, &#8220;vai no sentido certo de permitir\u00a0a todos os jovens <strong>recuperarem rapidamente o investimento que fizeram na sua educa\u00e7\u00e3o<\/strong>\u00a0com melhores sal\u00e1rios e com melhores empregos&#8221;.<\/p>\n<p>Considerando que &#8220;a conce\u00e7\u00e3o de base do pr\u00e9mio salarial est\u00e1 errada e n\u00e3o \u00e9 eficaz&#8221;, o Governo decidiu ent\u00e3o que os jovens diplomados que queiram beneficiar da medida ter\u00e3o de abdicar do IRS Jovem.<\/p>\n<p>O pr\u00e9mio corresponde ao <strong>pagamento anual de 697 euros para uma licenciatura e de 1.500 euros para um mestrado<\/strong>, durante o per\u00edodo equivalente \u00e0 dura\u00e7\u00e3o do curso.<\/p>\n","protected":false},"excerpt":{"rendered":"Pa\u00eds A mudan\u00e7a aplica-se apenas a novos pedidos. Os pedidos j\u00e1 aprovados continuar\u00e3o a ser pagos conforme previsto.&hellip;\n","protected":false},"author":2,"featured_media":56214,"comment_status":"","ping_status":"","sticky":false,"template":"","format":"standard","meta":{"footnotes":""},"categories":[8],"tags":[27,28,15,16,14,25,26,21,22,12,13,19,20,32,23,24,33,17,18,29,30,31],"class_list":{"0":"post-56213","1":"post","2":"type-post","3":"status-publish","4":"format-standard","5":"has-post-thumbnail","7":"category-principais-noticias","8":"tag-breaking-news","9":"tag-breakingnews","10":"tag-featured-news","11":"tag-featurednews","12":"tag-headlines","13":"tag-latest-news","14":"tag-latestnews","15":"tag-main-news","16":"tag-mainnews","17":"tag-news","18":"tag-noticias","19":"tag-noticias-principais","20":"tag-noticiasprincipais","21":"tag-portugal","22":"tag-principais-noticias","23":"tag-principaisnoticias","24":"tag-pt","25":"tag-top-stories","26":"tag-topstories","27":"tag-ultimas","28":"tag-ultimas-noticias","29":"tag-ultimasnoticias"},"share_on_mastodon":{"url":"","error":""},"_links":{"self":[{"href":"https:\/\/www.europesays.com\/pt\/wp-json\/wp\/v2\/posts\/56213","targetHints":{"allow":["GET"]}}],"collection":[{"href":"https:\/\/www.europesays.com\/pt\/wp-json\/wp\/v2\/posts"}],"about":[{"href":"https:\/\/www.europesays.com\/pt\/wp-json\/wp\/v2\/types\/post"}],"author":[{"embeddable":true,"href":"https:\/\/www.europesays.com\/pt\/wp-json\/wp\/v2\/users\/2"}],"replies":[{"embeddable":true,"href":"https:\/\/www.europesays.com\/pt\/wp-json\/wp\/v2\/comments?post=56213"}],"version-history":[{"count":0,"href":"https:\/\/www.europesays.com\/pt\/wp-json\/wp\/v2\/posts\/56213\/revisions"}],"wp:featuredmedia":[{"embeddable":true,"href":"https:\/\/www.europesays.com\/pt\/wp-json\/wp\/v2\/media\/56214"}],"wp:attachment":[{"href":"https:\/\/www.europesays.com\/pt\/wp-json\/wp\/v2\/media?parent=56213"}],"wp:term":[{"taxonomy":"category","embeddable":true,"href":"https:\/\/www.europesays.com\/pt\/wp-json\/wp\/v2\/categories?post=56213"},{"taxonomy":"post_tag","embeddable":true,"href":"https:\/\/www.europesays.com\/pt\/wp-json\/wp\/v2\/tags?post=56213"}],"curies":[{"name":"wp","href":"https:\/\/api.w.org\/{rel}","templated":true}]}}