{"id":56224,"date":"2025-09-02T21:15:04","date_gmt":"2025-09-02T21:15:04","guid":{"rendered":"https:\/\/www.europesays.com\/pt\/56224\/"},"modified":"2025-09-02T21:15:04","modified_gmt":"2025-09-02T21:15:04","slug":"portugal-franca-0-1-1-a-parte-hoquei-em-patins","status":"publish","type":"post","link":"https:\/\/www.europesays.com\/pt\/56224\/","title":{"rendered":"Portugal-Fran\u00e7a, 0-1 (1.\u00aa parte) &#8211; H\u00f3quei em Patins"},"content":{"rendered":"<p>                            &#13;<br \/>\n                                Portugal procura conquistar os primeiros pontos no Europeu&#13;<\/p>\n<p class=\" timeline-editorial__card__text\">&#13;<br \/>\n        Boa noite! Seja bem-vindo(a) ao acompanhamento em direto do Portugal-Fran\u00e7a, duelo da 2.\u00aa jornada da fase de grupos do Campeonato da Europa de h\u00f3quei em patins, que decorre em Paredes.&#13;\n    <\/p>\n<p class=\" timeline-editorial__card__text\">&#13;<br \/>\n        Depois da entrada em falso frente \u00e0 It\u00e1lia, duelo que Portugal perdeu por 3-2, a Sele\u00e7\u00e3o Nacional procura esta noite, a partir das 21h45, conquistar os primeiros pontos na competi\u00e7\u00e3o. Pela frente, a equipa orientada pelo selecionador Paulo Freitas ter\u00e1 um advers\u00e1rio que tamb\u00e9m saiu derrotado na estreia, neste caso, pela Espanha (2-1).&#13;\n    <\/p>\n<p class=\" timeline-editorial__card__text\">&#13;<br \/>\n        Refira-se que todas as equipas do Grupo A transitam para os quartos de final, cruzando com as equipas do B.&#13;\n    <\/p>\n<p class=\" timeline-editorial__card__text\">&#13;<br \/>\n        Confira<a href=\"https:\/\/wse.sidgad.com\/league\/258\" target=\"_self\" rel=\"tag nofollow noopener\">\u00a0aqui<\/a>\u00a0resultados e classifica\u00e7\u00f5es.&#13;\n    <\/p>\n<p class=\" timeline-editorial__card__text\">&#13;<br \/>\n        <b>Acompanhe aqui todas as incid\u00eancias do encontro.<\/b>&#13;\n    <\/p>\n","protected":false},"excerpt":{"rendered":"&#13; Portugal procura conquistar os primeiros pontos no Europeu&#13; &#13; Boa noite! Seja bem-vindo(a) ao acompanhamento em direto&hellip;\n","protected":false},"author":2,"featured_media":56225,"comment_status":"","ping_status":"","sticky":false,"template":"","format":"standard","meta":{"footnotes":""},"categories":[8],"tags":[27,28,15,16,14,25,26,21,22,12,13,19,20,32,23,24,33,17,18,29,30,31],"class_list":{"0":"post-56224","1":"post","2":"type-post","3":"status-publish","4":"format-standard","5":"has-post-thumbnail","7":"category-principais-noticias","8":"tag-breaking-news","9":"tag-breakingnews","10":"tag-featured-news","11":"tag-featurednews","12":"tag-headlines","13":"tag-latest-news","14":"tag-latestnews","15":"tag-main-news","16":"tag-mainnews","17":"tag-news","18":"tag-noticias","19":"tag-noticias-principais","20":"tag-noticiasprincipais","21":"tag-portugal","22":"tag-principais-noticias","23":"tag-principaisnoticias","24":"tag-pt","25":"tag-top-stories","26":"tag-topstories","27":"tag-ultimas","28":"tag-ultimas-noticias","29":"tag-ultimasnoticias"},"share_on_mastodon":{"url":"","error":""},"_links":{"self":[{"href":"https:\/\/www.europesays.com\/pt\/wp-json\/wp\/v2\/posts\/56224","targetHints":{"allow":["GET"]}}],"collection":[{"href":"https:\/\/www.europesays.com\/pt\/wp-json\/wp\/v2\/posts"}],"about":[{"href":"https:\/\/www.europesays.com\/pt\/wp-json\/wp\/v2\/types\/post"}],"author":[{"embeddable":true,"href":"https:\/\/www.europesays.com\/pt\/wp-json\/wp\/v2\/users\/2"}],"replies":[{"embeddable":true,"href":"https:\/\/www.europesays.com\/pt\/wp-json\/wp\/v2\/comments?post=56224"}],"version-history":[{"count":0,"href":"https:\/\/www.europesays.com\/pt\/wp-json\/wp\/v2\/posts\/56224\/revisions"}],"wp:featuredmedia":[{"embeddable":true,"href":"https:\/\/www.europesays.com\/pt\/wp-json\/wp\/v2\/media\/56225"}],"wp:attachment":[{"href":"https:\/\/www.europesays.com\/pt\/wp-json\/wp\/v2\/media?parent=56224"}],"wp:term":[{"taxonomy":"category","embeddable":true,"href":"https:\/\/www.europesays.com\/pt\/wp-json\/wp\/v2\/categories?post=56224"},{"taxonomy":"post_tag","embeddable":true,"href":"https:\/\/www.europesays.com\/pt\/wp-json\/wp\/v2\/tags?post=56224"}],"curies":[{"name":"wp","href":"https:\/\/api.w.org\/{rel}","templated":true}]}}