{"id":56226,"date":"2025-09-02T21:16:08","date_gmt":"2025-09-02T21:16:08","guid":{"rendered":"https:\/\/www.europesays.com\/pt\/56226\/"},"modified":"2025-09-02T21:16:08","modified_gmt":"2025-09-02T21:16:08","slug":"alexandre-frota-detona-producao-do-domingo-legal-e-aponta-erro-pouco-caso","status":"publish","type":"post","link":"https:\/\/www.europesays.com\/pt\/56226\/","title":{"rendered":"Alexandre Frota detona produ\u00e7\u00e3o do &#8216;Domingo Legal&#8217; e aponta erro: &#8216;Pouco caso&#8217;"},"content":{"rendered":"<p>\n                        Ap\u00f3s convite do SBT, Alexandre Frota exp\u00f5e erro da produ\u00e7\u00e3o do &#8216;Domingo Legal&#8217; e acusa de fazer &#8216;pouco caso&#8217;\n                    <\/p>\n<p class=\"text\"><strong>Alexandre Frota<\/strong> usou as redes sociais nesta ter\u00e7a-feira, 2\/09, para revelar uma decis\u00e3o sobre participa\u00e7\u00f5es no SBT. Ap\u00f3s gravar o &#8216;No Alvo&#8217; e outras atra\u00e7\u00f5es da emissora, o ator criticou a produ\u00e7\u00e3o do &#8216;Domingo Legal&#8217; e revelou que n\u00e3o aceitar\u00e1 os futuros convites do canal.<\/p>\n<p><img loading=\"lazy\" decoding=\"async\" alt=\"Alexandre Frota\" class=\"img-a3708dbd1da6906431984c5d727ca7ffu2wayane\" height=\"435\" src=\"https:\/\/www.europesays.com\/pt\/wp-content\/uploads\/2025\/09\/258518505-alexandre-frota.jpg\"  title=\"Alexandre Frota\" width=\"774\"\/><\/p>\n<p>Alexandre Frota<\/p>\n<p>Foto: Reprodu\u00e7\u00e3o\/Instagram \/ Contigo<\/p>\n<p class=\"text\">&#8220;Eu tenho uma hist\u00f3ria muito grande com o SBT, conhe\u00e7o todas as pessoas l\u00e1 dentro, fui ator de novelas, participei do primeiro grande reality show, jamais vou esquecer isso, Casa dos Artistas. A amizade que tinha com o <a href=\"https:\/\/www.terra.com.br\/tudo-sobre\/silvio-santos\" target=\"_self\" rel=\"nofollow noopener\">Silvio Santos<\/a> e como gosto da fam\u00edlia Abravanel. \u00c9 uma hist\u00f3ria que jamais ser\u00e1 apagada, entre eu e o SBT&#8221;, come\u00e7ou.<\/p>\n<p class=\"text\">Na sequ\u00eancia, ele lembrou que nas \u00faltimas semanas foi ao SBT algumas vezes para gravar participa\u00e7\u00e3o. &#8220;Sempre atendendo eles com muito carinho, profissionalismo. O Celso Portiolli sabe o quanto eu gosto dele, fizemos muitas coisas juntos. Inclusive vem a\u00ed a Minha Mulher \u00e9 quem Manda&#8221;, declarou.<\/p>\n<p>Bronca na produ\u00e7\u00e3o<\/p>\n<p class=\"text\">Em seguida, Alexandre detonou a produ\u00e7\u00e3o do programa do SBT: &#8220;Mas hoje quero falar diretamente pra produ\u00e7\u00e3o do Domingo Legal. Foi a \u00faltima vez que fui ao Domingo Legal. N\u00e3o irei mais. N\u00e3o me convidem mais&#8221;.<\/p>\n<p class=\"text\">&#8220;Voc\u00eas sabem que est\u00e3o no erro comigo e eu n\u00e3o gosto disso. Acho que tem que ser bom pra ambas as partes. Portanto, no momento, vou declinar todos os convites do SBT, de todos os outros programas, em fun\u00e7\u00e3o do erro, do pouco caso que o Domingo Legal vem fazendo em rela\u00e7\u00e3o \u00e0s coisas que a gente havia combinado l\u00e1 atr\u00e1s.&#8221;<\/p>\n<p class=\"text\">Por fim, o artista disparou: &#8220;T\u00e1 tudo bem, t\u00e1 tudo certo, mas chega. A gente n\u00e3o pode passar por esse tipo de coisa mais&#8221;.<\/p>\n<blockquote class=\"instagram-media\" data-instgrm-captioned=\"\" data-instgrm-permalink=\"https:\/\/www.instagram.com\/reel\/DOGIjGAgBVp\/?utm_source=ig_embed&amp;utm_campaign=loading\" data-instgrm-version=\"14\" style=\"background: #FFF; border: 0; border-radius: 3px; box-shadow: 0 0 1px 0 rgba(0,0,0,0.5),0 1px 10px 0 rgba(0,0,0,0.15); margin: 1px; max-width: 540px; min-width: 326px; padding: 0; width: calc(100% - 2px);\">\n<p>     Ver essa foto no Instagram <\/p>\n<p class=\"text\" style=\"color: #c9c8cd; font-family: Arial,sans-serif; font-size: 14px; line-height: 17px; margin-bottom: 0; margin-top: 8px; overflow: hidden; padding: 8px 0 7px; text-align: center; text-overflow: ellipsis; white-space: nowrap;\"><a href=\"https:\/\/www.instagram.com\/reel\/DOGIjGAgBVp\/?utm_source=ig_embed&amp;utm_campaign=loading\" rel=\"noopener nofollow\" style=\"color: #c9c8cd; font-family: Arial,sans-serif; font-size: 14px; font-style: normal; font-weight: normal; line-height: 17px; text-decoration: none;\" target=\"_blank\">Uma publica\u00e7\u00e3o compartilhada por Alexandre Frota (@alexandrefrota_oficial)<\/a><\/p>\n<\/blockquote>\n<p>                            <script async src=\"\/\/www.instagram.com\/embed.js\"><\/script><\/p>\n","protected":false},"excerpt":{"rendered":"Ap\u00f3s convite do SBT, Alexandre Frota exp\u00f5e erro da produ\u00e7\u00e3o do &#8216;Domingo Legal&#8217; e acusa de fazer &#8216;pouco&hellip;\n","protected":false},"author":2,"featured_media":56227,"comment_status":"","ping_status":"","sticky":false,"template":"","format":"standard","meta":{"footnotes":""},"categories":[145],"tags":[211,210,114,115,32,33],"class_list":{"0":"post-56226","1":"post","2":"type-post","3":"status-publish","4":"format-standard","5":"has-post-thumbnail","7":"category-celebridades","8":"tag-celebridades","9":"tag-celebrities","10":"tag-entertainment","11":"tag-entretenimento","12":"tag-portugal","13":"tag-pt"},"share_on_mastodon":{"url":"","error":""},"_links":{"self":[{"href":"https:\/\/www.europesays.com\/pt\/wp-json\/wp\/v2\/posts\/56226","targetHints":{"allow":["GET"]}}],"collection":[{"href":"https:\/\/www.europesays.com\/pt\/wp-json\/wp\/v2\/posts"}],"about":[{"href":"https:\/\/www.europesays.com\/pt\/wp-json\/wp\/v2\/types\/post"}],"author":[{"embeddable":true,"href":"https:\/\/www.europesays.com\/pt\/wp-json\/wp\/v2\/users\/2"}],"replies":[{"embeddable":true,"href":"https:\/\/www.europesays.com\/pt\/wp-json\/wp\/v2\/comments?post=56226"}],"version-history":[{"count":0,"href":"https:\/\/www.europesays.com\/pt\/wp-json\/wp\/v2\/posts\/56226\/revisions"}],"wp:featuredmedia":[{"embeddable":true,"href":"https:\/\/www.europesays.com\/pt\/wp-json\/wp\/v2\/media\/56227"}],"wp:attachment":[{"href":"https:\/\/www.europesays.com\/pt\/wp-json\/wp\/v2\/media?parent=56226"}],"wp:term":[{"taxonomy":"category","embeddable":true,"href":"https:\/\/www.europesays.com\/pt\/wp-json\/wp\/v2\/categories?post=56226"},{"taxonomy":"post_tag","embeddable":true,"href":"https:\/\/www.europesays.com\/pt\/wp-json\/wp\/v2\/tags?post=56226"}],"curies":[{"name":"wp","href":"https:\/\/api.w.org\/{rel}","templated":true}]}}