{"id":56268,"date":"2025-09-02T22:02:05","date_gmt":"2025-09-02T22:02:05","guid":{"rendered":"https:\/\/www.europesays.com\/pt\/56268\/"},"modified":"2025-09-02T22:02:05","modified_gmt":"2025-09-02T22:02:05","slug":"oh-isso-e-bom-enquanto-estava-com-zelensky-trump-teve-uma-ideia-que-esta-a-alarmar-os-democratas","status":"publish","type":"post","link":"https:\/\/www.europesays.com\/pt\/56268\/","title":{"rendered":"&#8220;Oh, isso \u00e9 bom&#8221;: enquanto estava com Zelensky, Trump teve uma ideia que est\u00e1 a alarmar os democratas"},"content":{"rendered":"<p>\t                Em causa est\u00e1 a realiza\u00e7\u00e3o de elei\u00e7\u00f5es. Ou a n\u00e3o realiza\u00e7\u00e3o<\/p>\n<p>Trump vai cancelar as elei\u00e7\u00f5es? Os democratas est\u00e3o cada vez mais alarmados <\/p>\n<p style=\"margin-bottom:11px\">por <strong>Aaron Blake<\/strong>, CNN<\/p>\n<p style=\"margin-bottom:11px\"><img loading=\"lazy\" decoding=\"async\" alt=\"\" height=\"563\" src=\"https:\/\/www.europesays.com\/pt\/wp-content\/uploads\/2025\/09\/1756850524_646_1000.webp\" width=\"1000\"\/><\/p>\n<p style=\"margin-bottom:11px\">Quando o presidente Donald Trump se reuniu com o presidente ucraniano, Volodymyr Zelensky, no m\u00eas passado, o tema foi a importante quest\u00e3o do fim da invas\u00e3o da Ucr\u00e2nia pela R\u00fassia. Mas, a certa altura, Trump fez um provocador desvio para falar sobre pol\u00edtica interna.<\/p>\n<p>Zelensky observou que, na Ucr\u00e2nia, a lei n\u00e3o permite elei\u00e7\u00f5es durante per\u00edodos de lei marcial.<\/p>\n<p>&#8220;Ent\u00e3o voc\u00ea diz que durante a guerra n\u00e3o se pode ter elei\u00e7\u00f5es?&#8221;, reagiu Trump. &#8220;Ent\u00e3o, deixe-me apenas dizer, daqui a tr\u00eas anos e meio \u2014 ent\u00e3o voc\u00ea quer dizer que, se por acaso estivermos [os EUA] em guerra com algu\u00e9m, n\u00e3o haver\u00e1 mais elei\u00e7\u00f5es? Oh, isso \u00e9 bom.&#8221;<\/p>\n<p>Seguiu-se uma gargalhada. Trump questionou em voz alta o que as &#8220;not\u00edcias falsas&#8221; fariam com o seu coment\u00e1rio.<\/p>\n<p>Mas, cada vez mais, os democratas n\u00e3o se est\u00e3o a rir.<\/p>\n<p>Um n\u00famero crescente de democratas argumenta que Trump far\u00e1 algo para tentar cancelar ou controlar as elei\u00e7\u00f5es para manter o seu poder.<\/p>\n<p>Tal pode parecer rid\u00edculo para alguns. Trump n\u00e3o disse explicitamente que planeia cancelar as elei\u00e7\u00f5es e afirmou no m\u00eas passado que &#8220;provavelmente n\u00e3o&#8221; se candidataria a um terceiro mandato, o que a Constitui\u00e7\u00e3o pro\u00edbe de qualquer forma. Mas o presidente certamente j\u00e1 levantou tais possibilidades antes e fez muitas coisas antidemocr\u00e1ticas. E as suas medidas extraordin\u00e1rias para assumir mais controlo sobre o processo eleitoral e enviar tropas para o territ\u00f3rio dos EUA j\u00e1 est\u00e3o a fazer soar os alarmes (um juiz disse na ter\u00e7a-feira que Trump estava, na verdade, &#8220;a criar uma for\u00e7a policial nacional com o presidente como seu chefe&#8221;).<\/p>\n<p>O governador de Illinois, JB Pritzker, afirmou no domingo que a amea\u00e7a de Trump de enviar tropas para cidades como Chicago fazia parte do plano.<\/p>\n<p>&#8220;Os outros objetivos s\u00e3o que ele gostaria de impedir as elei\u00e7\u00f5es em 2026 ou, francamente, assumir o controlo dessas elei\u00e7\u00f5es&#8221;, disse o governador democrata durante o programa &#8220;Face the Nation&#8221;, da CBS.<\/p>\n<p>&#8220;Ele simplesmente vai alegar que h\u00e1 algum problema com as elei\u00e7\u00f5es e, ent\u00e3o, ter\u00e1 tropas no terreno que poder\u00e3o assumir o controlo se, de facto, lhe for permitido fazer isso.&#8221;<\/p>\n<p>Pritzker, que pode ter as suas pr\u00f3prias ambi\u00e7\u00f5es na corrida \u00e0 Casa Branca, lembrou como Adolf Hitler levou apenas 53 dias para transformar a Alemanha numa ditadura.<\/p>\n<p>&#8220;Posso dizer-lhe que o manual \u00e9 o mesmo&#8221;, alegou Pritzker. &#8220;\u00c9 minar os meios de comunica\u00e7\u00e3o social. \u00c9 criar o caos que requer interven\u00e7\u00e3o militar. Essas s\u00e3o coisas que acontecem ao longo da hist\u00f3ria e Donald Trump est\u00e1 apenas a seguir esse manual.&#8221;<\/p>\n<p>  <img loading=\"lazy\" decoding=\"async\" alt=\"\" height=\"394\" src=\"https:\/\/www.europesays.com\/pt\/wp-content\/uploads\/2025\/09\/68b73be0d34e3f0baea2465f.webp\" width=\"700\"\/><br \/>\n   <strong>O governador de Illinois, JB Pritzker, fala com a imprensa ao passar pela Trump Tower, em Chicago, a 25 de agosto<\/strong> foto Nam Y. Huh\/AP <\/p>\n<p>O governador da Calif\u00f3rnia, Gavin Newsom, apresentou uma teoria muito semelhante na semana passada.<\/p>\n<p>Questionado sobre os seus pr\u00f3prios planos para concorrer \u00e0 presid\u00eancia em 2028, Newsom ignorou-os, lan\u00e7ando d\u00favidas sobre se essa elei\u00e7\u00e3o seria justa ou mesmo se aconteceria.<\/p>\n<p>Newsom falou de como a lei da agenda interna recentemente aprovada por Trump tornou a Imigra\u00e7\u00e3o e Alf\u00e2ndega (ICE) a ag\u00eancia federal de aplica\u00e7\u00e3o da lei com maior financiamento, alegando que a ICE est\u00e1 a cada vez mais a tornar-se na &#8220;for\u00e7a policial privada&#8221; de Trump. Newson previu que os agentes federais seriam enviados aos locais de vota\u00e7\u00e3o e depois antecipou que Trump tentaria suspender as elei\u00e7\u00f5es por completo.<\/p>\n<p>&#8220;N\u00e3o acho que Donald Trump queira outra elei\u00e7\u00e3o&#8221;, disse Newsom num evento organizado pelo Politico.<\/p>\n<p>Pritzker e Newsom s\u00e3o os democratas mais influentes a propagar tais teorias. Mas n\u00e3o s\u00e3o os \u00fanicos.<\/p>\n<p>A representante Yvette Clarke, de Nova Iorque, disse que as pessoas n\u00e3o se deviam rir do que Trump disse ao lado de Zelensky.<\/p>\n<p>&#8220;Vejam Trump a fantasiar sobre arrastar os Estados Unidos para uma guerra como pretexto para cancelar as nossas elei\u00e7\u00f5es&#8221;, disse Yvette Clarke no X. &#8220;A sala pode ter rido, mas ELE N\u00c3O EST\u00c1 A BRINCAR.&#8221;<\/p>\n<p>O secret\u00e1rio de Estado do Arizona, Adrian Fontes &#8211; que administra as elei\u00e7\u00f5es daquele estado -, disse que a press\u00e3o de Trump para acabar com o voto por correspond\u00eancia faz parte de um padr\u00e3o.<\/p>\n<p>&#8220;A que \u00e9 que esse padr\u00e3o leva?&#8221;, questionou Fontes \u00e0 KTAR News local. &#8220;Leva a uma maior eros\u00e3o da nossa confian\u00e7a nas elei\u00e7\u00f5es, o que poderia levar Trump a determinar que existe uma emerg\u00eancia e cancelar as elei\u00e7\u00f5es de 2026.&#8221;<\/p>\n<p>Fontes acrescentou: &#8220;\u00c9 para a\u00ed que todas as provas apontam e, a cada passo, Donald Trump d\u00e1-nos mais uma raz\u00e3o para acreditar que isso pode ser verdade&#8221;.<\/p>\n<p>E o procurador distrital de Filad\u00e9lfia, Larry Krasner, disse na semana passada ao programa &#8220;Early Start&#8221;, da CNN, que o uso de tropas nas cidades por parte de Trump \u00e9 uma tentativa de criar um pretexto.<\/p>\n<p>&#8220;A \u00fanica crise aqui \u00e9 Donald Trump e ele quer uma crise porque quer uma desculpa para cancelar as elei\u00e7\u00f5es no futuro&#8221;, afirmou Krasner.<\/p>\n<p>&#8220;Ele est\u00e1 a falar sobre o cancelamento das elei\u00e7\u00f5es devido a uma crise onde n\u00e3o h\u00e1 crise. Os Estados Unidos precisam de acordar. Isto \u00e9 s\u00e9rio. Temos funcion\u00e1rios eleitos que n\u00e3o dizem nada e n\u00e3o fazem nada.&#8221;<\/p>\n<p>Todos estes avisos podem parecer bastante alarmistas e conspirat\u00f3rios. Trump certamente n\u00e3o tem poder legal para cancelar as elei\u00e7\u00f5es sob a lei federal.<\/p>\n<p>Mas Trump tamb\u00e9m simpatizou com essas ideias muitas vezes e demonstrou um verdadeiro desrespeito pelas normas democr\u00e1ticas e pela lei eleitoral:<\/p>\n<ul>\n<li>Trump n\u00e3o s\u00f3 tentou anular as elei\u00e7\u00f5es de 2020 com base em mentiras sobre fraude eleitoral\u00a0como mais tarde transformou aqueles que invadiram o Capit\u00f3lio dos EUA, a 6 de janeiro de 2021, em algo semelhante a her\u00f3is da direita MAGA;<br \/>\u00a0<\/li>\n<li>Trump tem repetidamente falado sobre a ideia de tentar um terceiro mandato em 2028, apesar de isso ser expressamente proibido pela Constitui\u00e7\u00e3o.<br \/>\u00a0<\/li>\n<li>Em 2020, Trump sugeriu adiar as elei\u00e7\u00f5es, apesar de n\u00e3o ter poder para faz\u00ea-lo;<br \/>\u00a0<\/li>\n<li>Em 2022, Trump afirmou que a suposta fraude eleitoral &#8220;permite a revoga\u00e7\u00e3o de todas as regras, regulamentos e artigos, mesmo aqueles encontrados na Constitui\u00e7\u00e3o&#8221;;<br \/>\u00a0<\/li>\n<li>E, no ano passado, Trump fez coment\u00e1rios estranhos sugerindo que os crist\u00e3os que votaram nele em 2024 n\u00e3o teriam de votar em 2028 porque ele &#8220;teria tudo t\u00e3o bem resolvido&#8221;.<\/li>\n<\/ul>\n<p>Depois desses \u00faltimos coment\u00e1rios terem causado pol\u00e9mica, a apresentadora da Fox News Laura Ingraham convidou Trump a esclarec\u00ea-los. Trump afirmou que os seus cr\u00edticos, que diziam que ele queria cancelar as elei\u00e7\u00f5es futuras, estavam a ser &#8220;rid\u00edculos&#8221;.<\/p>\n<p>Mas Trump recusou-se repetidamente a refutar diretamente essas cr\u00edticas.<\/p>\n<p>O presidente dos EUA tamb\u00e9m procurou recentemente expandir o seu controlo sobre as elei\u00e7\u00f5es \u2013 e f\u00ea-lo unilateralmente, por meio de uma a\u00e7\u00e3o executiva. No in\u00edcio do seu mandato, procurou refor\u00e7ar os requisitos de comprova\u00e7\u00e3o de cidadania para o registo eleitoral. E, recentemente, come\u00e7ou a pressionar para acabar com o voto por correspond\u00eancia e as m\u00e1quinas de vota\u00e7\u00e3o.<\/p>\n<p>Trump n\u00e3o parece ter poder para fazer nada disso. Mas o que os democratas est\u00e3o cada vez mais a sugerir que pode acontecer n\u00e3o \u00e9 uma tentativa legal de controlar ou cancelar as elei\u00e7\u00f5es, mas sim uma tentativa extralegal \u2014 ou uma que aproveita uma crise fabricada.<\/p>\n<p>E a ideia de que Trump podia levar tudo isso demasiado longe \u00e9 uma preocupa\u00e7\u00e3o que pode n\u00e3o parecer t\u00e3o rid\u00edcula para muitos americanos.<\/p>\n<p>Uma sondagem do Public Religion Research Institute, feita no ano passado, mostrou que 49% dos americanos disseram que havia um perigo real de Trump usar a presid\u00eancia para se tornar um ditador (e este n\u00e3o foi apenas um caso em que todos os partid\u00e1rios presumiram que o outro lado faria isso; apenas 28% tinham a mesma preocupa\u00e7\u00e3o em rela\u00e7\u00e3o a Kamala Harris).<\/p>\n<p>A quest\u00e3o, como sempre com Trump, \u00e9 se est\u00e1 a ser provocador apenas por provoca\u00e7\u00e3o ou se realmente tem planos de se infiltrar no processo eleitoral para tentar manter o poder.<\/p>\n<p>Os democratas est\u00e3o cada vez mais a pedir \u00e0s pessoas que comecem a prestar aten\u00e7\u00e3o.<\/p>\n","protected":false},"excerpt":{"rendered":"Em causa est\u00e1 a realiza\u00e7\u00e3o de elei\u00e7\u00f5es. Ou a n\u00e3o realiza\u00e7\u00e3o Trump vai cancelar as elei\u00e7\u00f5es? Os democratas&hellip;\n","protected":false},"author":2,"featured_media":36508,"comment_status":"","ping_status":"","sticky":false,"template":"","format":"standard","meta":{"footnotes":""},"categories":[50],"tags":[609,836,611,27,28,607,608,333,832,604,4425,135,610,92,476,16042,15,16,16046,301,830,14,16043,603,25,26,570,21,22,831,833,62,834,12,16045,13,19,20,835,602,52,32,23,24,16044,17,18,29,30,31,63,64,65,3814],"class_list":{"0":"post-56268","1":"post","2":"type-post","3":"status-publish","4":"format-standard","5":"has-post-thumbnail","7":"category-mundo","8":"tag-alerta","9":"tag-analise","10":"tag-ao-minuto","11":"tag-breaking-news","12":"tag-breakingnews","13":"tag-cnn","14":"tag-cnn-portugal","15":"tag-comentadores","16":"tag-costa","17":"tag-crime","18":"tag-democratas","19":"tag-desporto","20":"tag-direto","21":"tag-donald-trump","22":"tag-economia","23":"tag-eleicoes-eua","24":"tag-featured-news","25":"tag-featurednews","26":"tag-gavin-newsom","27":"tag-governo","28":"tag-guerra","29":"tag-headlines","30":"tag-jb-pritzker","31":"tag-justica","32":"tag-latest-news","33":"tag-latestnews","34":"tag-live","35":"tag-main-news","36":"tag-mainnews","37":"tag-mais-vistas","38":"tag-marcelo","39":"tag-mundo","40":"tag-negocios","41":"tag-news","42":"tag-newsom","43":"tag-noticias","44":"tag-noticias-principais","45":"tag-noticiasprincipais","46":"tag-opiniao","47":"tag-pais","48":"tag-politica","49":"tag-portugal","50":"tag-principais-noticias","51":"tag-principaisnoticias","52":"tag-pritzker","53":"tag-top-stories","54":"tag-topstories","55":"tag-ultimas","56":"tag-ultimas-noticias","57":"tag-ultimasnoticias","58":"tag-world","59":"tag-world-news","60":"tag-worldnews","61":"tag-zelensky"},"share_on_mastodon":{"url":"","error":""},"_links":{"self":[{"href":"https:\/\/www.europesays.com\/pt\/wp-json\/wp\/v2\/posts\/56268","targetHints":{"allow":["GET"]}}],"collection":[{"href":"https:\/\/www.europesays.com\/pt\/wp-json\/wp\/v2\/posts"}],"about":[{"href":"https:\/\/www.europesays.com\/pt\/wp-json\/wp\/v2\/types\/post"}],"author":[{"embeddable":true,"href":"https:\/\/www.europesays.com\/pt\/wp-json\/wp\/v2\/users\/2"}],"replies":[{"embeddable":true,"href":"https:\/\/www.europesays.com\/pt\/wp-json\/wp\/v2\/comments?post=56268"}],"version-history":[{"count":0,"href":"https:\/\/www.europesays.com\/pt\/wp-json\/wp\/v2\/posts\/56268\/revisions"}],"wp:featuredmedia":[{"embeddable":true,"href":"https:\/\/www.europesays.com\/pt\/wp-json\/wp\/v2\/media\/36508"}],"wp:attachment":[{"href":"https:\/\/www.europesays.com\/pt\/wp-json\/wp\/v2\/media?parent=56268"}],"wp:term":[{"taxonomy":"category","embeddable":true,"href":"https:\/\/www.europesays.com\/pt\/wp-json\/wp\/v2\/categories?post=56268"},{"taxonomy":"post_tag","embeddable":true,"href":"https:\/\/www.europesays.com\/pt\/wp-json\/wp\/v2\/tags?post=56268"}],"curies":[{"name":"wp","href":"https:\/\/api.w.org\/{rel}","templated":true}]}}