{"id":56269,"date":"2025-09-02T22:05:10","date_gmt":"2025-09-02T22:05:10","guid":{"rendered":"https:\/\/www.europesays.com\/pt\/56269\/"},"modified":"2025-09-02T22:05:10","modified_gmt":"2025-09-02T22:05:10","slug":"rodrigo-faro-se-pronuncia-sobre-polemica-exposta-com-marcos-mion","status":"publish","type":"post","link":"https:\/\/www.europesays.com\/pt\/56269\/","title":{"rendered":"Rodrigo Faro se pronuncia sobre pol\u00eamica exposta com Marcos Mion"},"content":{"rendered":"<p>\n                        Rodrigo Faro abriu o jogo sobre a suposta briga com o apresentador\n                    <\/p>\n<p class=\"text\"><a href=\"https:\/\/www.terra.com.br\/tudo-sobre\/rodrigo-faro\" target=\"_self\" rel=\"nofollow noopener\">Rodrigo Faro<\/a> falou sobre os boatos de conflito com <strong>Marcos Mion<\/strong> ap\u00f3s seu retorno \u00e0 TV Globo. Em entrevista ao portal Leo Dias, o apresentador negou qualquer tipo de rivalidade com o colega e enfatizou que h\u00e1 lugar para todos na televis\u00e3o.<\/p>\n<p><img loading=\"lazy\" decoding=\"async\" alt=\"Rodrigo Faro e Marcos Mion (Reprodu\u00e7\u00e3o\/Divulga\u00e7\u00e3o)\" class=\"img-9967e95881328fa94a16483a48e53c29fzjpxdhj\" height=\"435\" src=\"https:\/\/www.europesays.com\/pt\/wp-content\/uploads\/2025\/09\/1020624508-whatsapp-image-2025-09-02-at-172948-1.jpg\"  title=\"Rodrigo Faro e Marcos Mion (Reprodu\u00e7\u00e3o\/Divulga\u00e7\u00e3o)\" width=\"774\"\/><\/p>\n<p>Rodrigo Faro e Marcos Mion (Reprodu\u00e7\u00e3o\/Divulga\u00e7\u00e3o)<\/p>\n<p>Foto: Mais Novela<\/p>\n<p class=\"text\">&#8220;Cara, nunca teve nada meu contra o Mion nem dele contra mim, eu n\u00e3o sei de onde tiraram isso&#8221;, declarou Faro.<\/p>\n<p class=\"text\">Ele ainda destacou que sempre se divertiu durante os momentos em que compartilharam o palco: &#8220;Eu n\u00e3o sei de onde tiraram isso, o Mion disse isso, de verdade n\u00e3o tem absolutamente nada&#8221;.<\/p>\n<p class=\"text\">Comentando a recente entrevista de Mion, Faro elogiou a postura do colega ao falar abertamente sobre o tema:<\/p>\n<p class=\"text\">&#8220;Eu vi a entrevista dele e achei muito legal o que ele falou. Super verdadeiro dele falar: &#8216;p\u00f4, tem espa\u00e7o para todo mundo, tomara que o Faro venha para a Globo&#8217;. E \u00e9 sobre isso, n\u00e3o tem disso de ficar torcendo contra o outro. Ningu\u00e9m pega o espa\u00e7o de ningu\u00e9m, cada um tem o seu talento, cada um tem o seu brilho e televis\u00e3o tem espa\u00e7o para todo mundo. Foi muito legal ele ter falado para acabar com isso de vez e seguir a vida normal, porque nunca teve nada&#8221;.<\/p>\n<p>Veja:<\/p>\n<blockquote class=\"instagram-media\" data-instgrm-captioned=\"\" data-instgrm-permalink=\"https:\/\/www.instagram.com\/reel\/DOG9P4WjT3z\/?utm_source=ig_embed&amp;utm_campaign=loading\" data-instgrm-version=\"14\" style=\"background: #FFF; border: 0; border-radius: 3px; box-shadow: 0 0 1px 0 rgba(0,0,0,0.5),0 1px 10px 0 rgba(0,0,0,0.15); margin: 1px; max-width: 540px; min-width: 326px; padding: 0; width: calc(100% - 2px);\">\n<p>     Ver essa foto no Instagram <\/p>\n<p class=\"text\" style=\"color: #c9c8cd; font-family: Arial,sans-serif; font-size: 14px; line-height: 17px; margin-bottom: 0; margin-top: 8px; overflow: hidden; padding: 8px 0 7px; text-align: center; text-overflow: ellipsis; white-space: nowrap;\"><a href=\"https:\/\/www.instagram.com\/reel\/DOG9P4WjT3z\/?utm_source=ig_embed&amp;utm_campaign=loading\" rel=\"noopener nofollow\" style=\"color: #c9c8cd; font-family: Arial,sans-serif; font-size: 14px; font-style: normal; font-weight: normal; line-height: 17px; text-decoration: none;\" target=\"_blank\">Uma publica\u00e7\u00e3o compartilhada por Leo Dias (@leodias)<\/a><\/p>\n<\/blockquote>\n<p>                            <script async src=\"\/\/www.instagram.com\/embed.js\"><\/script><\/p>\n","protected":false},"excerpt":{"rendered":"Rodrigo Faro abriu o jogo sobre a suposta briga com o apresentador Rodrigo Faro falou sobre os boatos&hellip;\n","protected":false},"author":2,"featured_media":56270,"comment_status":"","ping_status":"","sticky":false,"template":"","format":"standard","meta":{"footnotes":""},"categories":[145],"tags":[211,210,114,115,32,33],"class_list":{"0":"post-56269","1":"post","2":"type-post","3":"status-publish","4":"format-standard","5":"has-post-thumbnail","7":"category-celebridades","8":"tag-celebridades","9":"tag-celebrities","10":"tag-entertainment","11":"tag-entretenimento","12":"tag-portugal","13":"tag-pt"},"share_on_mastodon":{"url":"","error":""},"_links":{"self":[{"href":"https:\/\/www.europesays.com\/pt\/wp-json\/wp\/v2\/posts\/56269","targetHints":{"allow":["GET"]}}],"collection":[{"href":"https:\/\/www.europesays.com\/pt\/wp-json\/wp\/v2\/posts"}],"about":[{"href":"https:\/\/www.europesays.com\/pt\/wp-json\/wp\/v2\/types\/post"}],"author":[{"embeddable":true,"href":"https:\/\/www.europesays.com\/pt\/wp-json\/wp\/v2\/users\/2"}],"replies":[{"embeddable":true,"href":"https:\/\/www.europesays.com\/pt\/wp-json\/wp\/v2\/comments?post=56269"}],"version-history":[{"count":0,"href":"https:\/\/www.europesays.com\/pt\/wp-json\/wp\/v2\/posts\/56269\/revisions"}],"wp:featuredmedia":[{"embeddable":true,"href":"https:\/\/www.europesays.com\/pt\/wp-json\/wp\/v2\/media\/56270"}],"wp:attachment":[{"href":"https:\/\/www.europesays.com\/pt\/wp-json\/wp\/v2\/media?parent=56269"}],"wp:term":[{"taxonomy":"category","embeddable":true,"href":"https:\/\/www.europesays.com\/pt\/wp-json\/wp\/v2\/categories?post=56269"},{"taxonomy":"post_tag","embeddable":true,"href":"https:\/\/www.europesays.com\/pt\/wp-json\/wp\/v2\/tags?post=56269"}],"curies":[{"name":"wp","href":"https:\/\/api.w.org\/{rel}","templated":true}]}}