{"id":56275,"date":"2025-09-02T22:13:23","date_gmt":"2025-09-02T22:13:23","guid":{"rendered":"https:\/\/www.europesays.com\/pt\/56275\/"},"modified":"2025-09-02T22:13:23","modified_gmt":"2025-09-02T22:13:23","slug":"chloe-malle-sucede-a-anna-wintour-na-lideranca-editorial-da-vogue-eua-24-noticias","status":"publish","type":"post","link":"https:\/\/www.europesays.com\/pt\/56275\/","title":{"rendered":"Chloe Malle sucede a Anna Wintour na lideran\u00e7a editorial da Vogue EUA &#8211; 24 Not\u00edcias"},"content":{"rendered":"<ol>\n<li><a href=\"https:\/\/news.google.com\/rss\/articles\/CBMirgFBVV95cUxQaUZEOWwyY18xd0NHY0hIOXlhZEpOa3hoMmpzMV9UeUdXOWk2ZGd4a2t3dFRjVEFGOGpfNVR4eXJsT2wyaHFyWExZNzZ4bU5VamdCT0hoMGNveDRoajExblZfOWM5QjlUR2xjV0E5OF9hSlZ1eDVvZnNTSVJRdjZ1ZUxRNWVFVmk5dEw5ZlJqbzRhU3kzLUh4RWdDNWY3NGFfbWxDY2dMMjU1Q09pY3c?oc=5\" target=\"_blank\" rel=\"nofollow noopener\">Chloe Malle sucede a Anna Wintour na lideran\u00e7a editorial da Vogue EUA<\/a>&nbsp;&nbsp;24 Not\u00edcias<\/li>\n<li><a href=\"https:\/\/news.google.com\/rss\/articles\/CBMitwFBVV95cUxQR1RRSWNYUk9fbU8wc1F5THRCYWVWYmpCS2ZQcHZZWHpjMHB2ZnVrSldoRW4xRVNBZy1abFZYT2Z3eWZXUjJLS0NKUjNvZENVLXNlYloxNkoxNHllYXN1dzdzWGEwRnBYTXFfMi1taDVGclVuZXFZNXI2MFpiWm9sVkZQaU5iR3JNcWg3bTdzSUJSekc2R2QyaVNkQ3RXbFBZU3BGeEFCMXVjZE00MWdaanVtV3ptOVHSAbwBQVVfeXFMTmRTMVR6VDBnaV9GR2ZKMlplTjd4OVNQaGNrakpBV0pHS1pScGh2MndBMFgtc3ZmdlJadVI0ZndRcVpoN24yajZtTnVZY0N0RWViU09ER01zNnNBbmZJYUNiMjd2Z2Q0eXhiNEF4ZmpqaURJODhkQTdwSEZKZWxJUFRBczhxSHA0d0Jmb3Vmc2xUWDVjMzgyWlRrUVhxWG1lNUd4NFdNZ1BaNzAwd2lmbHVUVHNrSWVlV3lXZGQ?oc=5\" target=\"_blank\" rel=\"nofollow noopener\">Jornalista de 39 anos \u00e9 anunciada como sucessora de Anna Wintour na Vogue<\/a>&nbsp;&nbsp;UOL<\/li>\n<li><a href=\"https:\/\/news.google.com\/rss\/articles\/CBMiugFBVV95cUxPVGtFRXk3SXhSMFlvcEN2ZmEwaG9qZnlHd05NdnZJeW14cmI1dEpFNHVITXFaSGY0WU4xSzdlQWVtUHBEbTQwd3BPODJqWEZ5NXVaUEVwUXRwZVJnZ1FXdmxVQjJ2OXRGTlQ0Y3BuTXVXT1BVQzl5dFRJNWlxMnBWVHhFbjBQMHpPcW1lVllBTkVLUlhVMFVLMFhPU000dUxvTVZQbmNMbnQ5cUlKTUVzOUxIUGNlTW91X1HSAcgBQVVfeXFMUGJKU0JVTjcyWm16NWZGNENnVG04UDFfcm80clRZSGdRb1dVV0ZqZW9qNk1QcWpFZkxLVnJodC02Y1l3UGNzYk51TzFlYkxNX0NuOXpDek9CNlVxSm1kLW5fVjNaeWNlSG9ILVEzZGJ0TzNqRElRU0xDWjlUNTJoT2tkck5ERjNKT25WMzFvc3g4Y1UxRU0ySmlGZUlsd3lFZU1SUUlTR00zRlpoWlRWazlzSldMd0RraWtBSTRJZkRodko1YVpkVTI?oc=5\" target=\"_blank\" rel=\"nofollow noopener\">Chloe Malle assume comando da Vogue ap\u00f3s lend\u00e1ria editora Anna Wintour deixar cargo<\/a>&nbsp;&nbsp;O Globo<\/li>\n<li><a href=\"https:\/\/news.google.com\/rss\/articles\/CBMirwFBVV95cUxPRVFQMGVxZFZoNURrUzVfMWdJT0VDQW5BVTJPMi0zUGNUaHFHTVgxcmc2R05CQzYzTWZKUzd0S3luUlVOZzAydlBHM2pvcjZhRWpGTGRsVkN3OGN5V0hsLU9xLV9qWk10Sk02TXhQTlJXd3JWT0NZLXJFdlQ1Z0hORkQ5V0Voc01fOWJENlpiOTZrNkRGTHVqeTFubFI4aDRIci14N1ZjTnZ2X2RIV0o4?oc=5\" target=\"_blank\" rel=\"nofollow noopener\">Vogue anuncia quem substitui Anna Wintour na chefia da revista; conhe\u00e7a<\/a>&nbsp;&nbsp;CNN Brasil<\/li>\n<li><a href=\"https:\/\/news.google.com\/rss\/articles\/CBMiZEFVX3lxTE1YUUZ3S3NNbExWQ2hvMEhZRW9wUFRWVWVUMDF2ZVI4WkNQMjNxaHpSSWtoRFFVYkFXNlM0dGpFQWVnSnprSW5oNDMtbDRWQjVqU1poY0NRNmwwV2M5T2tlbmd0NUs?oc=5\" target=\"_blank\" rel=\"nofollow noopener\">Mudan\u00e7a<\/a>&nbsp;&nbsp;Clube de Cria\u00e7\u00e3o<\/li>\n<\/ol>\n","protected":false},"excerpt":{"rendered":"Chloe Malle sucede a Anna Wintour na lideran\u00e7a editorial da Vogue EUA&nbsp;&nbsp;24 Not\u00edcias Jornalista de 39 anos \u00e9&hellip;\n","protected":false},"author":2,"featured_media":55580,"comment_status":"","ping_status":"","sticky":false,"template":"","format":"standard","meta":{"footnotes":""},"categories":[85],"tags":[114,115,32,33],"class_list":{"0":"post-56275","1":"post","2":"type-post","3":"status-publish","4":"format-standard","5":"has-post-thumbnail","7":"category-entretenimento","8":"tag-entertainment","9":"tag-entretenimento","10":"tag-portugal","11":"tag-pt"},"share_on_mastodon":{"url":"","error":""},"_links":{"self":[{"href":"https:\/\/www.europesays.com\/pt\/wp-json\/wp\/v2\/posts\/56275","targetHints":{"allow":["GET"]}}],"collection":[{"href":"https:\/\/www.europesays.com\/pt\/wp-json\/wp\/v2\/posts"}],"about":[{"href":"https:\/\/www.europesays.com\/pt\/wp-json\/wp\/v2\/types\/post"}],"author":[{"embeddable":true,"href":"https:\/\/www.europesays.com\/pt\/wp-json\/wp\/v2\/users\/2"}],"replies":[{"embeddable":true,"href":"https:\/\/www.europesays.com\/pt\/wp-json\/wp\/v2\/comments?post=56275"}],"version-history":[{"count":0,"href":"https:\/\/www.europesays.com\/pt\/wp-json\/wp\/v2\/posts\/56275\/revisions"}],"wp:featuredmedia":[{"embeddable":true,"href":"https:\/\/www.europesays.com\/pt\/wp-json\/wp\/v2\/media\/55580"}],"wp:attachment":[{"href":"https:\/\/www.europesays.com\/pt\/wp-json\/wp\/v2\/media?parent=56275"}],"wp:term":[{"taxonomy":"category","embeddable":true,"href":"https:\/\/www.europesays.com\/pt\/wp-json\/wp\/v2\/categories?post=56275"},{"taxonomy":"post_tag","embeddable":true,"href":"https:\/\/www.europesays.com\/pt\/wp-json\/wp\/v2\/tags?post=56275"}],"curies":[{"name":"wp","href":"https:\/\/api.w.org\/{rel}","templated":true}]}}