{"id":56297,"date":"2025-09-02T22:31:28","date_gmt":"2025-09-02T22:31:28","guid":{"rendered":"https:\/\/www.europesays.com\/pt\/56297\/"},"modified":"2025-09-02T22:31:28","modified_gmt":"2025-09-02T22:31:28","slug":"jovem-cadastrado-agrediu-agentes-e-atirou-se-de-cabeca-contra-as-paredes-da-esquadra","status":"publish","type":"post","link":"https:\/\/www.europesays.com\/pt\/56297\/","title":{"rendered":"Jovem cadastrado agrediu agentes e atirou-se de cabe\u00e7a contra as paredes da esquadra"},"content":{"rendered":"<p>A ocorr\u00eancia registou-se cerca das 19.30 horas, quando uma profissional de seguran\u00e7a privada solicitou a interven\u00e7\u00e3o da PSP devido ao comportamento do indiv\u00edduo, que estaria a colocar em risco um quadro el\u00e9trico de apoio ao evento, situado numa \u00e1rea de acesso condicionado, no Parque D. Carlos I.<\/p>\n<p data-remotead-prev-elm=\"true\" data-remotead-elm-id=\"inread\">Ao ser abordado, o suspeito, que possui um vasto historial de antecedentes policiais e criminais, reagiu de forma violenta, proferindo insultos e acusando os agentes de racismo. Face ao risco de alarme social, foi encaminhado para o exterior do parque onde o evento decorria. Contudo, j\u00e1 no Largo Rainha Dona Leonor, voltou a dirigir-se a um pol\u00edcia, amea\u00e7ando-o de morte e mantendo uma postura hostil e agressiva.<\/p>\n<p>Perante a escalada de comportamentos, os agentes procederam \u00e0 sua deten\u00e7\u00e3o, tendo sido necess\u00e1rio o uso de for\u00e7a f\u00edsica para o imobilizar. Mesmo j\u00e1 detido, o homem continuou a resistir e, no transporte para as instala\u00e7\u00f5es policiais, manteve uma atitude de confronto.<\/p>\n<p data-remotead-prev-elm=\"true\" data-remotead-elm-id=\"centro1\">Na esquadra, o cen\u00e1rio agravou-se: o detido persistiu nas inj\u00farias, amea\u00e7as de morte e ainda agrediu os pol\u00edcias, chegando a atentar contra a pr\u00f3pria integridade f\u00edsica ao atirar-se de cabe\u00e7a contra as paredes.<\/p>\n<p>Ap\u00f3s ser ouvido em primeiro interrogat\u00f3rio, saiu em liberdade, enquanto o processo segue os tr\u00e2mites legais.<\/p>\n","protected":false},"excerpt":{"rendered":"A ocorr\u00eancia registou-se cerca das 19.30 horas, quando uma profissional de seguran\u00e7a privada solicitou a interven\u00e7\u00e3o da PSP&hellip;\n","protected":false},"author":2,"featured_media":56298,"comment_status":"","ping_status":"","sticky":false,"template":"","format":"standard","meta":{"footnotes":""},"categories":[10],"tags":[27,28,15,16,14,25,26,21,22,12,13,19,20,32,23,24,33,17,18,29,30,31],"class_list":{"0":"post-56297","1":"post","2":"type-post","3":"status-publish","4":"format-standard","5":"has-post-thumbnail","7":"category-portugal","8":"tag-breaking-news","9":"tag-breakingnews","10":"tag-featured-news","11":"tag-featurednews","12":"tag-headlines","13":"tag-latest-news","14":"tag-latestnews","15":"tag-main-news","16":"tag-mainnews","17":"tag-news","18":"tag-noticias","19":"tag-noticias-principais","20":"tag-noticiasprincipais","21":"tag-portugal","22":"tag-principais-noticias","23":"tag-principaisnoticias","24":"tag-pt","25":"tag-top-stories","26":"tag-topstories","27":"tag-ultimas","28":"tag-ultimas-noticias","29":"tag-ultimasnoticias"},"share_on_mastodon":{"url":"","error":""},"_links":{"self":[{"href":"https:\/\/www.europesays.com\/pt\/wp-json\/wp\/v2\/posts\/56297","targetHints":{"allow":["GET"]}}],"collection":[{"href":"https:\/\/www.europesays.com\/pt\/wp-json\/wp\/v2\/posts"}],"about":[{"href":"https:\/\/www.europesays.com\/pt\/wp-json\/wp\/v2\/types\/post"}],"author":[{"embeddable":true,"href":"https:\/\/www.europesays.com\/pt\/wp-json\/wp\/v2\/users\/2"}],"replies":[{"embeddable":true,"href":"https:\/\/www.europesays.com\/pt\/wp-json\/wp\/v2\/comments?post=56297"}],"version-history":[{"count":0,"href":"https:\/\/www.europesays.com\/pt\/wp-json\/wp\/v2\/posts\/56297\/revisions"}],"wp:featuredmedia":[{"embeddable":true,"href":"https:\/\/www.europesays.com\/pt\/wp-json\/wp\/v2\/media\/56298"}],"wp:attachment":[{"href":"https:\/\/www.europesays.com\/pt\/wp-json\/wp\/v2\/media?parent=56297"}],"wp:term":[{"taxonomy":"category","embeddable":true,"href":"https:\/\/www.europesays.com\/pt\/wp-json\/wp\/v2\/categories?post=56297"},{"taxonomy":"post_tag","embeddable":true,"href":"https:\/\/www.europesays.com\/pt\/wp-json\/wp\/v2\/tags?post=56297"}],"curies":[{"name":"wp","href":"https:\/\/api.w.org\/{rel}","templated":true}]}}