{"id":56350,"date":"2025-09-02T23:14:09","date_gmt":"2025-09-02T23:14:09","guid":{"rendered":"https:\/\/www.europesays.com\/pt\/56350\/"},"modified":"2025-09-02T23:14:09","modified_gmt":"2025-09-02T23:14:09","slug":"ochoa-explica-porque-foi-tomar-cafe-e-nao-voltou-para-assinar-contrato","status":"publish","type":"post","link":"https:\/\/www.europesays.com\/pt\/56350\/","title":{"rendered":"Ochoa explica porque foi tomar caf\u00e9 e n\u00e3o voltou&#8230; para assinar contrato"},"content":{"rendered":"<p>Aquele que seria um dos grandes movimentos de mercado na segunda liga espanhola acabou numa aut\u00eantica novela, recheada de pol\u00e9mica. Depois de ter deixado o <a target=\"_blank\" class=\"editor-link autolink-enabled\" href=\"https:\/\/www.abola.pt\/futebol\/aves-sad-5657\" data-resource-id=\"5657\" data-resource-type=\"team\" data-sport=\"football\" rel=\"nofollow noopener\">Aves SAD<\/a> no final da temporada passada, Guillermo <a target=\"_blank\" class=\"editor-link autolink-enabled\" href=\"https:\/\/www.abola.pt\/futebol\/jogador\/guillermo-ochoa-3913\" data-resource-id=\"3913\" data-resource-type=\"player\" data-sport=\"football\" rel=\"nofollow noopener\">Ochoa<\/a> esteve muito perto de prosseguir carreira no <a target=\"_blank\" class=\"editor-link autolink-enabled\" href=\"https:\/\/www.abola.pt\/futebol\/cd-burgos-14064\" data-resource-id=\"14064\" data-resource-type=\"team\" data-sport=\"football\" rel=\"nofollow noopener\">Burgos<\/a>, com quem j\u00e1 tinha acordado praticamente todos os detalhes contratuais, mas a opera\u00e7\u00e3o acabou por ruir no \u00faltimo momento. <\/p>\n<p>A hist\u00f3ria ganhou contornos caricatos quando foi noticiado em Espanha que o guardi\u00e3o mexicano teria sa\u00eddo para tomar um caf\u00e9 durante as negocia\u00e7\u00f5es e nunca mais regressado, nem atendido \u00e0s chamadas do clube. <\/p>\n<p>A vers\u00e3o circulou rapidamente e espalhou a ideia de uma sa\u00edda ins\u00f3lita. Contudo, em declara\u00e7\u00f5es recolhidas pelo jornal Marca, o jogador fez quest\u00e3o de corrigir a narrativa. Segundo o guarda-redes, o motivo da queda do neg\u00f3cio foi o Burgos ter alterado as condi\u00e7\u00f5es previamente discutidas: \u00abO clube alterou o valor do contrato de forma repentina e para baixo. Enviaram um contrato final com 60% das receitas publicit\u00e1rias a favor do clube e uma cl\u00e1usula de cinco milh\u00f5es \u00e0 parte.\u00bb <\/p>\n<p>Perante esta altera\u00e7\u00e3o, o jogador recusou-se a assinar: \u00abO valor final nem sequer chegava ao sal\u00e1rio m\u00ednimo da categoria.\u00bb <\/p>\n<p>A mesma fonte adianta que o jogador suspeitava que o clube s\u00f3 pretendia garantir receitas publicit\u00e1rias, algo que <a target=\"_blank\" class=\"editor-link autolink-enabled\" href=\"https:\/\/www.abola.pt\/futebol\/jogador\/guillermo-ochoa-3913\" data-resource-id=\"3913\" data-resource-type=\"player\" data-sport=\"football\" rel=\"nofollow noopener\">Ochoa<\/a> garante devido \u00e0 sua enorme popularidade no seu pa\u00eds. Com este cap\u00edtulo fechado, aos 40 anos, <a target=\"_blank\" class=\"editor-link autolink-enabled\" href=\"https:\/\/www.abola.pt\/futebol\/jogador\/guillermo-ochoa-3913\" data-resource-id=\"3913\" data-resource-type=\"player\" data-sport=\"football\" rel=\"nofollow noopener\">Ochoa<\/a> continua \u00e0 procura de novo destino para prolongar a carreira e perseguir o objetivo maior: estar presente no Mundial de 2026, aquele que seria o seu sexto consecutivo.<\/p>\n","protected":false},"excerpt":{"rendered":"Aquele que seria um dos grandes movimentos de mercado na segunda liga espanhola acabou numa aut\u00eantica novela, recheada&hellip;\n","protected":false},"author":2,"featured_media":56351,"comment_status":"","ping_status":"","sticky":false,"template":"","format":"standard","meta":{"footnotes":""},"categories":[8],"tags":[27,28,15,16,14,25,26,21,22,12,13,19,20,32,23,24,33,17,18,29,30,31],"class_list":{"0":"post-56350","1":"post","2":"type-post","3":"status-publish","4":"format-standard","5":"has-post-thumbnail","7":"category-principais-noticias","8":"tag-breaking-news","9":"tag-breakingnews","10":"tag-featured-news","11":"tag-featurednews","12":"tag-headlines","13":"tag-latest-news","14":"tag-latestnews","15":"tag-main-news","16":"tag-mainnews","17":"tag-news","18":"tag-noticias","19":"tag-noticias-principais","20":"tag-noticiasprincipais","21":"tag-portugal","22":"tag-principais-noticias","23":"tag-principaisnoticias","24":"tag-pt","25":"tag-top-stories","26":"tag-topstories","27":"tag-ultimas","28":"tag-ultimas-noticias","29":"tag-ultimasnoticias"},"share_on_mastodon":{"url":"","error":""},"_links":{"self":[{"href":"https:\/\/www.europesays.com\/pt\/wp-json\/wp\/v2\/posts\/56350","targetHints":{"allow":["GET"]}}],"collection":[{"href":"https:\/\/www.europesays.com\/pt\/wp-json\/wp\/v2\/posts"}],"about":[{"href":"https:\/\/www.europesays.com\/pt\/wp-json\/wp\/v2\/types\/post"}],"author":[{"embeddable":true,"href":"https:\/\/www.europesays.com\/pt\/wp-json\/wp\/v2\/users\/2"}],"replies":[{"embeddable":true,"href":"https:\/\/www.europesays.com\/pt\/wp-json\/wp\/v2\/comments?post=56350"}],"version-history":[{"count":0,"href":"https:\/\/www.europesays.com\/pt\/wp-json\/wp\/v2\/posts\/56350\/revisions"}],"wp:featuredmedia":[{"embeddable":true,"href":"https:\/\/www.europesays.com\/pt\/wp-json\/wp\/v2\/media\/56351"}],"wp:attachment":[{"href":"https:\/\/www.europesays.com\/pt\/wp-json\/wp\/v2\/media?parent=56350"}],"wp:term":[{"taxonomy":"category","embeddable":true,"href":"https:\/\/www.europesays.com\/pt\/wp-json\/wp\/v2\/categories?post=56350"},{"taxonomy":"post_tag","embeddable":true,"href":"https:\/\/www.europesays.com\/pt\/wp-json\/wp\/v2\/tags?post=56350"}],"curies":[{"name":"wp","href":"https:\/\/api.w.org\/{rel}","templated":true}]}}