{"id":56380,"date":"2025-09-02T23:40:10","date_gmt":"2025-09-02T23:40:10","guid":{"rendered":"https:\/\/www.europesays.com\/pt\/56380\/"},"modified":"2025-09-02T23:40:10","modified_gmt":"2025-09-02T23:40:10","slug":"o-misterio-do-ima-musa-al-sadr-novas-pistas-sobre-um-desaparecimento-que-ainda-marca-o-medio-oriente-atualidade","status":"publish","type":"post","link":"https:\/\/www.europesays.com\/pt\/56380\/","title":{"rendered":"O mist\u00e9rio do Im\u00e3 Musa al-Sadr: novas pistas sobre um desaparecimento que ainda marca o M\u00e9dio Oriente &#8211; Atualidade"},"content":{"rendered":"<p><strong>O desaparecimento de uma figura carism\u00e1tica<\/strong><\/p>\n<p>Musa al Sadr, nascido no Ir\u00e3o e radicado no L\u00edbano, ganhou prest\u00edgio como defensor dos mu\u00e7ulmanos xiitas marginalizados e como promotor do di\u00e1logo inter-religioso. O carisma e influ\u00eancia pol\u00edtica valeram-lhe o t\u00edtulo honor\u00edfico de im\u00e3, algo raro em vida, pois os im\u00e3s na doutrina xiita, ao contr\u00e1rio da doutrina sunita, s\u00e3o apenas os herdeiros espirituais e corporais diretos do profeta Maom\u00e9, escolhidos por Deus. Quando n\u00e3o h\u00e1 im\u00e3s, esse cargo \u00e9 direcionado a uma pessoa com especial conhecimento da religi\u00e3o.<\/p>\n<p>Dentro da teologia do xiismo existem tr\u00eas ramos principais, sendo o mais numeroso o dos xiitas duodecimanos, tamb\u00e9m conhecidos como &#8220;xiitas dos doze im\u00e3s&#8221;. Estes seguem a linhagem de doze im\u00e3s sucessivos considerados herdeiros espirituais e corporais diretos do profeta Maom\u00e9. O \u00faltimo deles, Muhammad al-Mahdi, conhecido como &#8220;O Guia&#8221; acredita-se ainda estar vivo apesar de escondido desde 874, Alguns dos xiitas iranianos acreditam que o ayatollah Khomeini, o l\u00edder da revolu\u00e7\u00e3o isl\u00e2mica no Ir\u00e3o em 1979, teria recebido inspira\u00e7\u00e3o do \u00faltimo im\u00e3.<\/p>\n<p>S\u00f3 depois da revolu\u00e7\u00e3o isl\u00e2mica de 1979, o ayatollah Khomeini defendia que os cl\u00e9rigos tinham de estar no poder para cumprirem a sua fun\u00e7\u00e3o de implementar o Isl\u00e3o como Deus pretendia, atrav\u00e9s do mandato dos im\u00e3s xiitas, esta mudan\u00e7a foi controversa at\u00e9 entre os xiitas.<\/p>\n<p>Os familiares do im\u00e3 Musa Sadr, fil\u00f3sofo iraniano e l\u00edder religioso xiita, incluindo a sua irm\u00e3 Rabab Sadr, reuniram-se, em 2019, com o Papa Francisco na Cidade do Vaticano, apelando ao acompanhamento do caso do desaparecimento do im\u00e3 Musa al-Sadr.<\/p>\n<p>Durante a reuni\u00e3o, que se realizou por ocasi\u00e3o do anivers\u00e1rio do dia em que o Musa Sadr pregou aos crist\u00e3os na Catedral Capuchinha durante a Quaresma, Rabab Sadr entregou uma carta ao l\u00edder da Igreja Cat\u00f3lica Romana e pediu-lhe que investigasse o caso do desaparecimento do im\u00e3 Musa Sadr, informou a <a href=\"https:\/\/en.shafaqna.com\/86997\/family-of-imam-musa-sadr-meet-with-pope-francis-islam-christianity-dialogue-in-the-view-of-imam-sadr\/\" target=\"_blank\" rel=\"noopener noreferrer nofollow\">IRNA<\/a>.<\/p>\n<p>Ficou conhecido na hist\u00f3ria por ter sido o primeiro l\u00edder mu\u00e7ulmano a discursar dentro de uma igreja cat\u00f3lica e quebrou paradigmas ao sentar-se debaixo do crucifixo para proferir o discurso.<\/p>\n<p>Em agosto de 1978, viajou para a L\u00edbia a convite do ent\u00e3o l\u00edder Muhammad Kadhafi, na esperan\u00e7a de mediar tens\u00f5es envolvendo a guerra civil libanesa e os combatentes palestinianos. Foi visto pela \u00faltima vez a 31 de agosto, quando saiu de um hotel em Tr\u00edpoli num carro oficial. Nunca mais regressou. As autoridades da L\u00edbia alegaram que teria viajado para Roma, mas essa vers\u00e3o foi desmentida.<\/p>\n<p><strong>Uma fotografia misteriosa<\/strong><\/p>\n<p>Com a queda de Kadhafi em 2011, o jornalista liban\u00eas-sueco Kassem Hamad\u00e9 obteve acesso a uma morgue secreta em Tr\u00edpoli. Entre 17 corpos, um chamou-lhe a aten\u00e7\u00e3o: era invulgarmente alto (Musa al-Sadr media 1,98 metros) e apresentava um rosto semelhante ao do im\u00e3, apesar do estado avan\u00e7ado de decomposi\u00e7\u00e3o. O cr\u00e2nio mostrava sinais de viol\u00eancia, possivelmente execu\u00e7\u00e3o.<\/p>\n<p>Kassem Hamad\u00e9 fotografou o cad\u00e1ver e recolheu fios de cabelo, alegadamente entregues depois a representantes do movimento Amal, fundado por al-Sadr. Contudo, a an\u00e1lise de ADN nunca foi divulgada.<\/p>\n<p><strong>A tecnologia entra em a\u00e7\u00e3o\u00a0<\/strong><\/p>\n<p>D\u00e9cadas depois, a fotografia foi submetida ao algoritmo de Deep Face Recognition da Universidade de Bradford. Comparada com imagens conhecidas de al-Sadr, a an\u00e1lise atribuiu uma probabilidade elevada de correspond\u00eancia, na ordem dos 60 pontos em 100, o que sugere tratar-se dele ou um familiar pr\u00f3ximo.<\/p>\n<p>Para validar o resultado, a equipa cruzou a mesma imagem com fotografias de familiares e com 100 rostos masculinos do M\u00e9dio Oriente escolhidos aleatoriamente. O corpo assemelhava-se muito mais a al-Sadr do que a qualquer outra pessoa.<\/p>\n<p><strong>Sil\u00eancio e resist\u00eancia<\/strong><\/p>\n<p>Apesar destes ind\u00edcios, o partido Amal, hoje uma das principais for\u00e7as pol\u00edticas xiitas no L\u00edbano, recusa aceitar que o corpo seja de al-Sadr. O l\u00edder do partido, Nabih Berri, insiste que o im\u00e3 est\u00e1 vivo, possivelmente detido numa pris\u00e3o l\u00edbia. Para muitos seguidores, essa cren\u00e7a tem um peso quase m\u00edstico, ecoando a tradi\u00e7\u00e3o xiita do &#8220;im\u00e3 oculto&#8221;, que regressar\u00e1 no fim dos tempos.<\/p>\n<p>A investiga\u00e7\u00e3o da BBC em Tr\u00edpoli, em 2023, acabou abruptamente quando a equipa foi detida durante seis dias pelos servi\u00e7os secretos l\u00edbios, acusada de espionagem. Foram libertados ap\u00f3s press\u00f5es diplom\u00e1ticas do Reino Unido.<\/p>\n<p>Segundo o jornal \u00e1rabe <a href=\"https:\/\/www.aljazeera.com\/podcasts\/2023\/8\/25\/gaddafi-and-lebanons-vanished-imam-that-divided-the-middle-east\" rel=\"nofollow noopener\" target=\"_blank\">Aljazeera<\/a>, na esperan\u00e7a de finalmente for\u00e7ar uma resposta, o L\u00edbano mant\u00e9m o filho mais novo de Kadhafi, Hannibal, preso desde 2015, embora nunca tenha sido julgado. Em 2023, entrou em greve de fome, mas a fam\u00edlia de al-Sadr e os seus seguidores dedicados dizem que n\u00e3o deve haver concess\u00f5es at\u00e9 que descubram o que aconteceu com o &#8220;im\u00e3 desaparecido&#8221;.<\/p>\n<p><strong>Um desaparecimento que marcou a hist\u00f3ria<\/strong><\/p>\n<p>O mist\u00e9rio em torno de Musa al-Sadr vai al\u00e9m da trag\u00e9dia pessoal. Investigadores acreditam que, se n\u00e3o tivesse desaparecido, podia ter reconduzido o Ir\u00e3o, e talvez o M\u00e9dio Oriente, para uma via mais moderada antes da Revolu\u00e7\u00e3o Isl\u00e2mica de 1979.<\/p>\n<p>Atualmente, a verdade continua por comprovar. A fotografia da morgue pode ser a pista mais s\u00f3lida at\u00e9 agora, mas sem testes de ADN a d\u00favida permanece.<\/p>\n<p>Entretanto, todos os anos, a 31 de agosto, milhares de seguidores no L\u00edbano assinalam a aus\u00eancia do seu l\u00edder com manifesta\u00e7\u00f5es e ora\u00e7\u00f5es. Para eles, al-Sadr n\u00e3o \u00e9 apenas um homem desaparecido: \u00e9 um s\u00edmbolo de esperan\u00e7a, resist\u00eancia e unidade.<\/p>\n","protected":false},"excerpt":{"rendered":"O desaparecimento de uma figura carism\u00e1tica Musa al Sadr, nascido no Ir\u00e3o e radicado no L\u00edbano, ganhou prest\u00edgio&hellip;\n","protected":false},"author":2,"featured_media":56381,"comment_status":"","ping_status":"","sticky":false,"template":"","format":"standard","meta":{"footnotes":""},"categories":[50],"tags":[27,28,15,16,14,25,26,21,22,62,12,13,19,20,23,24,17,18,29,30,31,63,64,65],"class_list":{"0":"post-56380","1":"post","2":"type-post","3":"status-publish","4":"format-standard","5":"has-post-thumbnail","7":"category-mundo","8":"tag-breaking-news","9":"tag-breakingnews","10":"tag-featured-news","11":"tag-featurednews","12":"tag-headlines","13":"tag-latest-news","14":"tag-latestnews","15":"tag-main-news","16":"tag-mainnews","17":"tag-mundo","18":"tag-news","19":"tag-noticias","20":"tag-noticias-principais","21":"tag-noticiasprincipais","22":"tag-principais-noticias","23":"tag-principaisnoticias","24":"tag-top-stories","25":"tag-topstories","26":"tag-ultimas","27":"tag-ultimas-noticias","28":"tag-ultimasnoticias","29":"tag-world","30":"tag-world-news","31":"tag-worldnews"},"share_on_mastodon":{"url":"","error":""},"_links":{"self":[{"href":"https:\/\/www.europesays.com\/pt\/wp-json\/wp\/v2\/posts\/56380","targetHints":{"allow":["GET"]}}],"collection":[{"href":"https:\/\/www.europesays.com\/pt\/wp-json\/wp\/v2\/posts"}],"about":[{"href":"https:\/\/www.europesays.com\/pt\/wp-json\/wp\/v2\/types\/post"}],"author":[{"embeddable":true,"href":"https:\/\/www.europesays.com\/pt\/wp-json\/wp\/v2\/users\/2"}],"replies":[{"embeddable":true,"href":"https:\/\/www.europesays.com\/pt\/wp-json\/wp\/v2\/comments?post=56380"}],"version-history":[{"count":0,"href":"https:\/\/www.europesays.com\/pt\/wp-json\/wp\/v2\/posts\/56380\/revisions"}],"wp:featuredmedia":[{"embeddable":true,"href":"https:\/\/www.europesays.com\/pt\/wp-json\/wp\/v2\/media\/56381"}],"wp:attachment":[{"href":"https:\/\/www.europesays.com\/pt\/wp-json\/wp\/v2\/media?parent=56380"}],"wp:term":[{"taxonomy":"category","embeddable":true,"href":"https:\/\/www.europesays.com\/pt\/wp-json\/wp\/v2\/categories?post=56380"},{"taxonomy":"post_tag","embeddable":true,"href":"https:\/\/www.europesays.com\/pt\/wp-json\/wp\/v2\/tags?post=56380"}],"curies":[{"name":"wp","href":"https:\/\/api.w.org\/{rel}","templated":true}]}}