{"id":5640,"date":"2025-07-28T16:42:10","date_gmt":"2025-07-28T16:42:10","guid":{"rendered":"https:\/\/www.europesays.com\/pt\/5640\/"},"modified":"2025-07-28T16:42:10","modified_gmt":"2025-07-28T16:42:10","slug":"tira-mas-e-o-copo-dai-farpa-explosiva-de-joao-oliveira-acende-o-confronto-com-catarina-miranda-big-brother","status":"publish","type":"post","link":"https:\/\/www.europesays.com\/pt\/5640\/","title":{"rendered":"\u00abTira mas \u00e9 o copo da\u00ed!\u00bb: Farpa explosiva de Jo\u00e3o Oliveira acende o confronto com Catarina Miranda &#8211; Big Brother"},"content":{"rendered":"<p style=\"margin-bottom:11px\">O ambiente no <a href=\"https:\/\/tvi.iol.pt\/bigbrother\/\" rel=\"nofollow noopener\" target=\"_blank\"><b>Big Brother Ver\u00e3o<\/b><\/a> ficou novamente marcado por tens\u00e3o silenciosa, num momento em que foi necess\u00e1ria a interven\u00e7\u00e3o do soberano, ap\u00f3s um epis\u00f3dio envolvendo <a href=\"https:\/\/tvi.iol.pt\/bigbrother\/search?pagina=1&amp;pesquisa=catarina+miranda\" rel=\"nofollow noopener\" target=\"_blank\"><b>Catarina Miranda<\/b> <\/a>e <a href=\"https:\/\/tvi.iol.pt\/bigbrother\/search?pagina=1&amp;pesquisa=joao+oliveira\" rel=\"nofollow noopener\" target=\"_blank\"><b>Jo\u00e3o Oliveira<\/b><\/a>.<\/p>\n<p style=\"margin-bottom:11px\">Tudo aconteceu quando Catarina Miranda dirigia um coment\u00e1rio a <b>Daniela Santos<\/b>, sendo sucessivamente interrompida por <a href=\"https:\/\/tvi.iol.pt\/bigbrother\/search?pagina=1&amp;pesquisa=joao+oliveira\" rel=\"nofollow noopener\" target=\"_blank\">Jo\u00e3o Oliveira<\/a>. Face \u00e0 insist\u00eancia do colega, atirou:<\/p>\n<p style=\"margin-bottom:11px\">\u00ab<strong>Tens muito tempo para falar<\/strong>.\u00bb<\/p>\n<p style=\"margin-bottom:11px\">Jo\u00e3o reagiu de forma provocat\u00f3ria, lan\u00e7ando uma refer\u00eancia ao passado da concorrente:<\/p>\n<p style=\"margin-bottom:11px\">\u00ab<strong>Tira mas \u00e9 o copo da\u00ed sen\u00e3o vai correr mal outra vez.<\/strong>\u00bb<\/p>\n<p style=\"margin-bottom:11px\">A frase remete diretamente ao <a href=\"https:\/\/tvi.iol.pt\/bigbrother\/videos\/ultima-hora-tudo-em-choque-catarina-miranda-e-expulsa-do-big-brother-por-consequencia-dos-seus-atos\/664670e10cf2dff02b7e5c1a\" rel=\"nofollow noopener\" target=\"_blank\">motivo da expuls\u00e3o de Catarina Miranda numa edi\u00e7\u00e3o anterior do reality show<\/a>, em que foi <a href=\"https:\/\/tvi.iol.pt\/bigbrother\/videos\/ultima-hora-tudo-em-choque-catarina-miranda-e-expulsa-do-big-brother-por-consequencia-dos-seus-atos\/664670e10cf2dff02b7e5c1a\" rel=\"nofollow noopener\" target=\"_blank\">expulsa por ter atirado um copo que partiu e atingiu outro concorrente<\/a>. Sem responder de imediato, Miranda manteve-se em sil\u00eancio, mas Jo\u00e3o decidiu ir mais longe: levantou-se e dirigiu-se at\u00e9 ela, tentando retirar-lhe o copo que se encontrava ao seu lado.<\/p>\n<p style=\"margin-bottom:11px\">Perante a aproxima\u00e7\u00e3o, a concorrente reagiu:<\/p>\n<p style=\"margin-bottom:11px\">\u00ab<strong>P\u00e1ra! Sai! Vai-te sentar!<\/strong>\u00bb<\/p>\n<p style=\"margin-bottom:11px\">Jo\u00e3o justificou o gesto com uma frase amb\u00edgua:<\/p>\n<p style=\"margin-bottom:11px\">\u00ab<strong>\u00c9 s\u00f3 para depois n\u00e3o dizeres que fui eu que te atirei para a lama.<\/strong>\u00bb<\/p>\n<p style=\"margin-bottom:11px\">Sem conseguir alcan\u00e7ar o objeto, o concorrente continuou a comentar a situa\u00e7\u00e3o, desta vez dirigindo-se ao Big Brother:<\/p>\n<p style=\"margin-bottom:11px\">\u00ab<strong>Big! Estou em seguran\u00e7a? N\u00e3o tem a\u00ed o capacete da prova de h\u00e1 bocado?<\/strong>\u00bb<\/p>\n<p style=\"margin-bottom:11px\"><a href=\"https:\/\/tvi.iol.pt\/bigbrother\/search?pagina=1&amp;pesquisa=catarina+miranda\" rel=\"nofollow noopener\" target=\"_blank\">Catarina Miranda<\/a>, mantendo-se visivelmente calma, respondeu apenas:<\/p>\n<p style=\"margin-bottom:11px\">\u00ab<strong>N\u00e3o te reveles j\u00e1, temos tempo, Jo\u00e3o.<\/strong>\u00bb<\/p>\n<p style=\"margin-bottom:11px\">A situa\u00e7\u00e3o, embora contida, foi suficiente para exigir a interven\u00e7\u00e3o do <b>Big Brother<\/b>, que optou por atuar rapidamente para prevenir eventuais excessos e lembrar os concorrentes das regras de conviv\u00eancia na casa.<\/p>\n<p style=\"margin-bottom:11px\"><strong>Veja o momento aqui<\/strong>:\u00a0<\/p>\n<p style=\"margin-bottom:11px\">\u00a0<\/p>\n<p style=\"margin-bottom:11px\">\u00a0<\/p>\n","protected":false},"excerpt":{"rendered":"O ambiente no Big Brother Ver\u00e3o ficou novamente marcado por tens\u00e3o silenciosa, num momento em que foi necess\u00e1ria&hellip;\n","protected":false},"author":2,"featured_media":5641,"comment_status":"","ping_status":"","sticky":false,"template":"","format":"standard","meta":{"footnotes":""},"categories":[142],"tags":[331,48,329,333,328,335,336,114,115,334,332,330,435,13,32,33,151,162,227],"class_list":{"0":"post-5640","1":"post","2":"type-post","3":"status-publish","4":"format-standard","5":"has-post-thumbnail","7":"category-tv","8":"tag-big","9":"tag-big-brother","10":"tag-claudio-ramos","11":"tag-comentadores","12":"tag-concorrentes","13":"tag-confrontos","14":"tag-discussoes","15":"tag-entertainment","16":"tag-entretenimento","17":"tag-exclusivos","18":"tag-expulso","19":"tag-gala","20":"tag-joao-oliveira","21":"tag-noticias","22":"tag-portugal","23":"tag-pt","24":"tag-tv","25":"tag-tvi","26":"tag-videos"},"share_on_mastodon":{"url":"","error":""},"_links":{"self":[{"href":"https:\/\/www.europesays.com\/pt\/wp-json\/wp\/v2\/posts\/5640","targetHints":{"allow":["GET"]}}],"collection":[{"href":"https:\/\/www.europesays.com\/pt\/wp-json\/wp\/v2\/posts"}],"about":[{"href":"https:\/\/www.europesays.com\/pt\/wp-json\/wp\/v2\/types\/post"}],"author":[{"embeddable":true,"href":"https:\/\/www.europesays.com\/pt\/wp-json\/wp\/v2\/users\/2"}],"replies":[{"embeddable":true,"href":"https:\/\/www.europesays.com\/pt\/wp-json\/wp\/v2\/comments?post=5640"}],"version-history":[{"count":0,"href":"https:\/\/www.europesays.com\/pt\/wp-json\/wp\/v2\/posts\/5640\/revisions"}],"wp:featuredmedia":[{"embeddable":true,"href":"https:\/\/www.europesays.com\/pt\/wp-json\/wp\/v2\/media\/5641"}],"wp:attachment":[{"href":"https:\/\/www.europesays.com\/pt\/wp-json\/wp\/v2\/media?parent=5640"}],"wp:term":[{"taxonomy":"category","embeddable":true,"href":"https:\/\/www.europesays.com\/pt\/wp-json\/wp\/v2\/categories?post=5640"},{"taxonomy":"post_tag","embeddable":true,"href":"https:\/\/www.europesays.com\/pt\/wp-json\/wp\/v2\/tags?post=5640"}],"curies":[{"name":"wp","href":"https:\/\/api.w.org\/{rel}","templated":true}]}}