{"id":56506,"date":"2025-09-03T02:12:05","date_gmt":"2025-09-03T02:12:05","guid":{"rendered":"https:\/\/www.europesays.com\/pt\/56506\/"},"modified":"2025-09-03T02:12:05","modified_gmt":"2025-09-03T02:12:05","slug":"o-misterio-das-estranhas-ilhas-vivas-do-grande-lago-salgado-foi-finalmente-resolvido","status":"publish","type":"post","link":"https:\/\/www.europesays.com\/pt\/56506\/","title":{"rendered":"O mist\u00e9rio das estranhas ilhas vivas do Grande Lago Salgado foi finalmente resolvido"},"content":{"rendered":"<p class=\"wp-caption-text top\"><a href=\"https:\/\/commons.wikimedia.org\/wiki\/File:Cub_Island,_Great_Salt_Lake_-_panoramio.jpg\" rel=\"nofollow external noopener noreferrer\" data-wpel-link=\"external\" target=\"_blank\" class=\"ext-link\">Cory Maylett \/ Wikimedia<\/a><\/p>\n<p><img decoding=\"async\" loading=\"lazy\" class=\"wp-image-698070 size-kopa-image-size-3\" src=\"https:\/\/www.europesays.com\/pt\/wp-content\/uploads\/2025\/09\/eff27730f8c997a59e25bab0a6231217-783x450.jpg\" alt=\"\" width=\"700\" height=\"402\"  \/><\/p>\n<p class=\"wp-caption-text bot\">Grande Lago Salgado<\/p>\n<p><strong>Uma nova investiga\u00e7\u00e3o aponta que uma grande rede de \u00e1gua doce est\u00e1 a levar a que cres\u00e7am juncos nas ilhas, mesmo com a diminui\u00e7\u00e3o do tamanho do lago.<\/strong><\/p>\n<p>O mist\u00e9rio das \u201cilhas\u201d cobertas de juncos que se erguem da praia do Grande Lago Salgado, no Utah, que est\u00e1 a encolher, podem finalmente ter uma explica\u00e7\u00e3o. Uma equipa de cientistas revelou evid\u00eancias de uma <strong>vasta rede subterr\u00e2nea de \u00e1gua doce<\/strong> que alimenta os montes, permitindo que a vida vegetal flores\u00e7a mesmo com o recuo do lago.<\/p>\n<p>A descoberta, <a href=\"https:\/\/conf.goldschmidt.info\/goldschmidt\/2025\/meetingapp.cgi\/Paper\/32350\" data-wpel-link=\"external\" target=\"_blank\" rel=\"nofollow external noopener noreferrer\" class=\"ext-link\">revelada<\/a> em julho na confer\u00eancia Goldschmidt de 2025, lan\u00e7a luz sobre o fr\u00e1gil, mas complexo, ecossistema de um dos lagos ecologicamente mais importantes dos Estados Unidos. Os investigadores afirmam que as descobertas podem melhorar a compreens\u00e3o de como funciona o Grande Lago Salgado e a <strong>melhor forma de o proteger<\/strong> dos desafios ambientais atuais.<\/p>\n<p>\u201cA \u00faltima coisa que quer\u00edamos era que isto fosse caracterizado como um recurso h\u00eddrico que dever\u00edamos estar a explorar\u201d, alertou o ge\u00f3logo Bill Johnson, da Universidade do Utah. \u201c<strong>\u00c9 muito mais fr\u00e1gil do que isso<\/strong>, e precisamos de o compreender melhor.\u201d<\/p>\n<p>O Grande Lago Salgado tem vindo a diminuir lentamente desde a d\u00e9cada de 1980, atingindo um n\u00edvel recorde em 2022. A descida dos n\u00edveis de \u00e1gua elevou a salinidade, amea\u00e7ando os organismos que sustentam o seu ecossistema. Para as comunidades vizinhas, o leito seco do lago representa outro perigo: os ventos <strong>levantam poeiras finas dos sedimentos expostos<\/strong>, gerando preocupa\u00e7\u00f5es com a qualidade do ar.<\/p>\n<p>Compreender as fontes de \u00e1gua do lago tornou-se cada vez mais urgente. Embora a precipita\u00e7\u00e3o e o escoamento superficial sejam factores conhecidos, o papel das \u00e1guas subterr\u00e2neas sob o lago permanece incerto. Para investigar, a equipa de Johnson utilizou uma combina\u00e7\u00e3o de ferramentas avan\u00e7adas, incluindo piez\u00f3metros, perfil de salinidade e levantamentos de resistividade. Em fevereiro de 2025, estabeleceram uma parceria com a Expert Geophysics para realizar o mapeamento eletromagn\u00e9tico a\u00e9reo sobre a Ba\u00eda de Farmington, refere o <a href=\"https:\/\/www.sciencealert.com\/strange-living-islands-have-appeared-on-the-great-salt-lake-and-now-we-know-why\" data-wpel-link=\"external\" target=\"_blank\" rel=\"nofollow external noopener noreferrer\" class=\"ext-link\">Science Alert<\/a>.<\/p>\n<p>Estes levantamentos utilizam medi\u00e7\u00f5es de campo magn\u00e9tico para criar imagens 3D de estruturas subterr\u00e2neas. Combinados com os dados do solo, apontam para um <strong>extenso reservat\u00f3rio subterr\u00e2neo<\/strong> que pode atingir mais de 3000 metros abaixo da superf\u00edcie. Nos montes superficiais, a \u00e1gua \u00e9 mais doce no n\u00facleo e torna-se cada vez mais salina para o exterior, sugerindo ainda fluxos ascendentes de fontes profundas.<\/p>\n<p>Embora os investigadores ainda n\u00e3o conhe\u00e7am a extens\u00e3o total ou a profundidade da \u00e1gua doce, as evid\u00eancias indicam <strong>reservas significativas sob press\u00e3o<\/strong>. Johnson enfatizou que, embora a descoberta possa ajudar a reduzir o p\u00f3 das \u00e1reas de praia expostas, n\u00e3o deve ser vista como um recurso a explorar.<\/p>\n<p>    <a href=\"https:\/\/zap.aeiou.pt\/subscrever-newsletter\" data-wpel-link=\"internal\" rel=\"nofollow noopener\" target=\"_blank\">&#13;<br \/>\n        <img loading=\"lazy\" decoding=\"async\" class=\"aligncenter size-full wp-image-575475\" src=\"https:\/\/www.europesays.com\/pt\/wp-content\/uploads\/2025\/09\/2d51fe4a0ba54894421ead1809309ed9-1-450x140.jpg\" alt=\"Subscreva a Newsletter ZAP\" width=\"450\" height=\"140\"\/>&#13;<br \/>\n    <\/a><\/p>\n<p>                <a href=\"https:\/\/whatsapp.com\/channel\/0029VaIC4EE2f3EJZPPSbR34\" data-wpel-link=\"external\" target=\"_blank\" rel=\"nofollow external noopener noreferrer\" class=\"ext-link\">&#13;<br \/>\n                    <img loading=\"lazy\" decoding=\"async\" class=\"aligncenter size-full wp-image-575475\" src=\"https:\/\/www.europesays.com\/pt\/wp-content\/uploads\/2025\/09\/c68c559d956d4ca20f435ed74a6e71e6.png\" alt=\"Siga-nos no WhatsApp\" width=\"175\" height=\"64\"\/>&#13;<br \/>\n                <\/a><\/p>\n<p>                <a href=\"https:\/\/news.google.com\/publications\/CAAiEHRwZondIV71PDjWNoqMduEqFAgKIhB0cGaJ3SFe9Tw41jaKjHbh?hl=en-US&amp;gl=US&amp;ceid=US%3Aen\" data-wpel-link=\"external\" target=\"_blank\" rel=\"nofollow external noopener noreferrer\" class=\"ext-link\">&#13;<br \/>\n                    <img loading=\"lazy\" decoding=\"async\" class=\"aligncenter size-full wp-image-575475\" src=\"https:\/\/www.europesays.com\/pt\/wp-content\/uploads\/2025\/09\/5123dd8b087b644fdb8f8603acd1bad4.png\" alt=\"Siga-nos no Google News\" width=\"176\" height=\"64\"\/>&#13;<br \/>\n                <\/a><\/p>\n","protected":false},"excerpt":{"rendered":"Cory Maylett \/ Wikimedia Grande Lago Salgado Uma nova investiga\u00e7\u00e3o aponta que uma grande rede de \u00e1gua doce&hellip;\n","protected":false},"author":2,"featured_media":56507,"comment_status":"","ping_status":"","sticky":false,"template":"","format":"standard","meta":{"footnotes":""},"categories":[50],"tags":[27,28,15,16,7833,14,25,26,21,22,62,12,13,19,20,23,24,17,18,29,30,31,63,64,65],"class_list":{"0":"post-56506","1":"post","2":"type-post","3":"status-publish","4":"format-standard","5":"has-post-thumbnail","7":"category-mundo","8":"tag-breaking-news","9":"tag-breakingnews","10":"tag-featured-news","11":"tag-featurednews","12":"tag-geologia","13":"tag-headlines","14":"tag-latest-news","15":"tag-latestnews","16":"tag-main-news","17":"tag-mainnews","18":"tag-mundo","19":"tag-news","20":"tag-noticias","21":"tag-noticias-principais","22":"tag-noticiasprincipais","23":"tag-principais-noticias","24":"tag-principaisnoticias","25":"tag-top-stories","26":"tag-topstories","27":"tag-ultimas","28":"tag-ultimas-noticias","29":"tag-ultimasnoticias","30":"tag-world","31":"tag-world-news","32":"tag-worldnews"},"share_on_mastodon":{"url":"","error":""},"_links":{"self":[{"href":"https:\/\/www.europesays.com\/pt\/wp-json\/wp\/v2\/posts\/56506","targetHints":{"allow":["GET"]}}],"collection":[{"href":"https:\/\/www.europesays.com\/pt\/wp-json\/wp\/v2\/posts"}],"about":[{"href":"https:\/\/www.europesays.com\/pt\/wp-json\/wp\/v2\/types\/post"}],"author":[{"embeddable":true,"href":"https:\/\/www.europesays.com\/pt\/wp-json\/wp\/v2\/users\/2"}],"replies":[{"embeddable":true,"href":"https:\/\/www.europesays.com\/pt\/wp-json\/wp\/v2\/comments?post=56506"}],"version-history":[{"count":0,"href":"https:\/\/www.europesays.com\/pt\/wp-json\/wp\/v2\/posts\/56506\/revisions"}],"wp:featuredmedia":[{"embeddable":true,"href":"https:\/\/www.europesays.com\/pt\/wp-json\/wp\/v2\/media\/56507"}],"wp:attachment":[{"href":"https:\/\/www.europesays.com\/pt\/wp-json\/wp\/v2\/media?parent=56506"}],"wp:term":[{"taxonomy":"category","embeddable":true,"href":"https:\/\/www.europesays.com\/pt\/wp-json\/wp\/v2\/categories?post=56506"},{"taxonomy":"post_tag","embeddable":true,"href":"https:\/\/www.europesays.com\/pt\/wp-json\/wp\/v2\/tags?post=56506"}],"curies":[{"name":"wp","href":"https:\/\/api.w.org\/{rel}","templated":true}]}}