{"id":56556,"date":"2025-09-03T03:07:09","date_gmt":"2025-09-03T03:07:09","guid":{"rendered":"https:\/\/www.europesays.com\/pt\/56556\/"},"modified":"2025-09-03T03:07:09","modified_gmt":"2025-09-03T03:07:09","slug":"rendas-podem-subir-mais-de-2-no-proximo-ano-human-resources","status":"publish","type":"post","link":"https:\/\/www.europesays.com\/pt\/56556\/","title":{"rendered":"Rendas podem subir mais de 2% no pr\u00f3ximo ano \u2013 Human Resources"},"content":{"rendered":"<p><strong>O valor das rendas poder\u00e1 aumentar 2,25% em 2026, segundo a estimativa r\u00e1pida da infla\u00e7\u00e3o de agosto divulgada pelo Instituto Nacional de Estat\u00edstica (INE).<\/strong><\/p>\n<p>\u00a0<\/p>\n<p class=\"text-paragraph\">De acordo com os dados do INE, nos \u00faltimos 12 meses at\u00e9 Agosto a varia\u00e7\u00e3o m\u00e9dia do \u00edndice de pre\u00e7os, excluindo a habita\u00e7\u00e3o, foi de 2,25%, valor que serve de base ao coeficiente utilizado para a actualiza\u00e7\u00e3o anual das rendas para o pr\u00f3ximo ano, ao abrigo do Novo Regime do Arrendamento Urbano (NRAU).<\/p>\n<p class=\"text-paragraph\">Contudo, o valor efetivo de atualiza\u00e7\u00e3o das rendas \u2013 aplic\u00e1vel tanto ao meio urbano como ao meio rural \u2013 s\u00f3 ser\u00e1 apurado em 10 de Setembro, quando o INE divulgar os dados definitivos referentes ao IPC de agosto de 2025, tendo depois de ser publicado em Di\u00e1rio da Rep\u00fablica at\u00e9 30 de Outubro.<\/p>\n<p class=\"text-paragraph\">S\u00f3 ap\u00f3s a publica\u00e7\u00e3o em Di\u00e1rio da Rep\u00fablica \u00e9 que os propriet\u00e1rios poder\u00e3o anunciar aos inquilinos o aumento da renda, sendo que a subida s\u00f3 poder\u00e1 efetivamente ocorrer 30 dias depois deste aviso.<\/p>\n<p class=\"text-paragraph\">A taxa deste ano, para aplicar em 2026, representa uma acelera\u00e7\u00e3o face ao ano passado (aplicada \u00e0s rendas de 2025), quando se fixou em 2,16%.<\/p>\n","protected":false},"excerpt":{"rendered":"O valor das rendas poder\u00e1 aumentar 2,25% em 2026, segundo a estimativa r\u00e1pida da infla\u00e7\u00e3o de agosto divulgada&hellip;\n","protected":false},"author":2,"featured_media":56557,"comment_status":"","ping_status":"","sticky":false,"template":"","format":"standard","meta":{"footnotes":""},"categories":[83],"tags":[88,89,90,4860,619,32,33,4831],"class_list":{"0":"post-56556","1":"post","2":"type-post","3":"status-publish","4":"format-standard","5":"has-post-thumbnail","7":"category-empresas","8":"tag-business","9":"tag-economy","10":"tag-empresas","11":"tag-ine","12":"tag-nacional","13":"tag-portugal","14":"tag-pt","15":"tag-rendas"},"share_on_mastodon":{"url":"","error":""},"_links":{"self":[{"href":"https:\/\/www.europesays.com\/pt\/wp-json\/wp\/v2\/posts\/56556","targetHints":{"allow":["GET"]}}],"collection":[{"href":"https:\/\/www.europesays.com\/pt\/wp-json\/wp\/v2\/posts"}],"about":[{"href":"https:\/\/www.europesays.com\/pt\/wp-json\/wp\/v2\/types\/post"}],"author":[{"embeddable":true,"href":"https:\/\/www.europesays.com\/pt\/wp-json\/wp\/v2\/users\/2"}],"replies":[{"embeddable":true,"href":"https:\/\/www.europesays.com\/pt\/wp-json\/wp\/v2\/comments?post=56556"}],"version-history":[{"count":0,"href":"https:\/\/www.europesays.com\/pt\/wp-json\/wp\/v2\/posts\/56556\/revisions"}],"wp:featuredmedia":[{"embeddable":true,"href":"https:\/\/www.europesays.com\/pt\/wp-json\/wp\/v2\/media\/56557"}],"wp:attachment":[{"href":"https:\/\/www.europesays.com\/pt\/wp-json\/wp\/v2\/media?parent=56556"}],"wp:term":[{"taxonomy":"category","embeddable":true,"href":"https:\/\/www.europesays.com\/pt\/wp-json\/wp\/v2\/categories?post=56556"},{"taxonomy":"post_tag","embeddable":true,"href":"https:\/\/www.europesays.com\/pt\/wp-json\/wp\/v2\/tags?post=56556"}],"curies":[{"name":"wp","href":"https:\/\/api.w.org\/{rel}","templated":true}]}}