{"id":56714,"date":"2025-09-03T06:50:13","date_gmt":"2025-09-03T06:50:13","guid":{"rendered":"https:\/\/www.europesays.com\/pt\/56714\/"},"modified":"2025-09-03T06:50:13","modified_gmt":"2025-09-03T06:50:13","slug":"quando-termina-historia-de-amor-globo-adia-final-da-novela-em-uma-semana","status":"publish","type":"post","link":"https:\/\/www.europesays.com\/pt\/56714\/","title":{"rendered":"Quando termina Hist\u00f3ria de Amor? Globo adia final da novela em uma semana"},"content":{"rendered":"<p>A Globo vai esticar a reta final de <a href=\"https:\/\/natelinha.uol.com.br\/novelas\/historia-de-amor\" rel=\"nofollow noopener\" target=\"_blank\">Hist\u00f3ria de Amor<\/a>. Com boa audi\u00eancia, a reprise da novela s\u00f3 sai do ar na pr\u00f3xima semana, em 12 de setembro, sexta-feira. Assim, por duas semanas, os \u00faltimos cap\u00edtulos far\u00e3o \u201cdobradinha\u201d com Terra Nostra, que voltou a ser exibida na segunda-feira (1\u00ba).<\/p>\n<p>A informa\u00e7\u00e3o foi confirmada pelo <strong>NaTelinha<\/strong> com a assessoria de comunica\u00e7\u00e3o da Globo nesta ter\u00e7a-feira (2).<\/p>\n<p>+\u00a0<a href=\"https:\/\/natelinha.uol.com.br\/series\/2025\/09\/02\/por-que-dias-perfeitos-serie-de-suspense-do-globoplay-esta-causando-polemica-230743.php\" rel=\"nofollow noopener\" target=\"_blank\">Por que Dias Perfeitos, s\u00e9rie de suspense do Globoplay, est\u00e1 causando pol\u00eamica<\/a><\/p>\n<p>continua depois da publicidade<\/p>\n<p>Para que a trama fique no ar at\u00e9 dia 12, os cap\u00edtulos da reprise ser\u00e3o mais curtos, com menos de 30 minutos. Restam cerca de seis epis\u00f3dios originais, que ser\u00e3o divididos ao longo dos pr\u00f3ximos dias.<\/p>\n<p>+ <a href=\"https:\/\/natelinha.uol.com.br\/novelas\/2025\/09\/01\/globo-corta-falas-violentas-em-cenas-de-escravidao-em-terra-nostra-230695.php\" rel=\"nofollow noopener\" target=\"_blank\">Globo corta falas violentas em cenas de escravid\u00e3o em Terra Nostra<\/a><\/p>\n<p>+ <a href=\"https:\/\/natelinha.uol.com.br\/novelas\/2025\/09\/02\/casamento-de-odete-roitman-e-cesar-em-vale-tudo-tera-escandalo-vexame-e-fuga-230752.php\" rel=\"nofollow noopener\" target=\"_blank\">Casamento de Odete Roitman e C\u00e9sar em Vale Tudo ter\u00e1 esc\u00e2ndalo, vexame e fuga<\/a><\/p>\n<p><img decoding=\"async\" loading=\"lazy\" class=\"horizontal\" src=\"https:\/\/www.europesays.com\/pt\/wp-content\/uploads\/2025\/09\/quando-acaba-historia-de-amor-globo-estica-reta-final-da-novela_9506.jpeg\" alt=\"Sheila (Lilia Cabral) em Hist\u00f3ria de Amor\"\/><br \/>\nSheila (Lilia Cabral) em Hist\u00f3ria de Amor: vil\u00e3 aparecer\u00e1 cada vez mais louca nos \u00faltimos cap\u00edtulos &#8211; Foto: Reprodu\u00e7\u00e3o\/Globo<\/p>\n<p>Com a decis\u00e3o, a emissora aproveita o bom desempenho dos \u00faltimos cap\u00edtulos de Hist\u00f3ria de Amor para impulsionar a repercuss\u00e3o de Terra Nostra. A \u201cdobradinha\u201d entre as novelas \u00e9 uma estrat\u00e9gia adotada nas reprises da tarde, mas costuma ficar restrita a apenas uma semana.<\/p>\n<p>continua depois da publicidade<\/p>\n<p>\u00c9 a primeira vez que a &#8220;dobradinha&#8221; ocorrer\u00e1 por duas semanas na faixa Edi\u00e7\u00e3o Especial. O expediente j\u00e1 foi usado antes, poucas vezes, no Vale a Pena Ver de Novo.<\/p>\n<p>At\u00e9 o momento, a reprise de Hist\u00f3ria de Amor tem m\u00e9dia de 11,6 pontos na Grande S\u00e3o Paulo, segundo dados do Kantar Ibope. O \u00edndice supera as duas antecessoras na faixa, Cabocla (2004) e Cheias de Charme (2012). Desde julho, a trama tem registrado at\u00e9 14 pontos.<\/p>\n<p><strong>Veja o ranking de audi\u00eancia das reprises da faixa Edi\u00e7\u00e3o Especial:<\/strong><\/p>\n<blockquote>\n<p class=\"cit\">O Cravo e a Rosa &#8211; 14,0 pontos<br alt=\"Quando termina Hist\u00f3ria de Amor? Globo adia final da novela em uma semana\"\/>Chocolate com Pimenta &#8211; 13,0<br alt=\"Quando termina Hist\u00f3ria de Amor? Globo adia final da novela em uma semana\"\/>Mulheres de Areia &#8211; 12,6<br alt=\"Quando termina Hist\u00f3ria de Amor? Globo adia final da novela em uma semana\"\/>Hist\u00f3ria de Amor &#8211; 11,6 (at\u00e9 o momento)<br alt=\"Quando termina Hist\u00f3ria de Amor? Globo adia final da novela em uma semana\"\/>Cabocla &#8211; 11,1<br alt=\"Quando termina Hist\u00f3ria de Amor? Globo adia final da novela em uma semana\"\/>Cheias de Charme &#8211; 10,7<\/p>\n<p>Dados do Kantar Ibope. Cada ponto representa cerca de 77,5 mil domic\u00edlios na Grande S\u00e3o Paulo<\/p><\/blockquote>\n<p>+\u00a0<a href=\"https:\/\/natelinha.uol.com.br\/novelas\/2025\/08\/25\/5-bombas-explodem-na-reta-final-de-historia-de-amor-230358.php\" rel=\"nofollow noopener\" target=\"_blank\">5 bombas explodem na reta final de Hist\u00f3ria de Amor<\/a><\/p>\n<p>+ <a href=\"https:\/\/natelinha.uol.com.br\/novelas\/2025\/09\/02\/final-de-historia-de-amor-sheila-provoca-tragedia-some-e-ressurge-na-ultima-cena-230753.php\" rel=\"nofollow noopener\" target=\"_blank\">Final de Hist\u00f3ria de Amor: Sheila provoca trag\u00e9dia, some e ressurge na \u00faltima cena<\/a><\/p>\n<p>continua depois da publicidade<\/p>\n<p>+\u00a0<a href=\"https:\/\/natelinha.uol.com.br\/novelas\/2025\/09\/01\/como-joyce-e-helena-fazem-as-pazes-em-historia-de-amor-revelacao-muda-tudo-no-final-230688.php\" rel=\"nofollow noopener\" target=\"_blank\">Como Joyce e Helena fazem as pazes em Hist\u00f3ria de Amor? Revela\u00e7\u00e3o muda tudo no final<\/a><\/p>\n<p>+\u00a0<a href=\"https:\/\/natelinha.uol.com.br\/novelas\/2025\/08\/29\/morte-confissao-e-mais-a-ultima-briga-entre-sheila-e-paula-no-final-de-historia-de-amor-230578.php\" rel=\"nofollow noopener\" target=\"_blank\">Morte, confiss\u00e3o e mais: A \u00faltima briga entre Sheila e Paula no final de Hist\u00f3<\/a><a href=\"https:\/\/natelinha.uol.com.br\/novelas\/2025\/08\/29\/morte-confissao-e-mais-a-ultima-briga-entre-sheila-e-paula-no-final-de-historia-de-amor-230578.php\" rel=\"nofollow noopener\" target=\"_blank\">ria de Amor<\/a><\/p>\n<p>                                <img decoding=\"async\" loading=\"lazy\" class=\"horizontal\" alt=\"Imagem da thumbnail do v\u00eddeo\" src=\"https:\/\/www.europesays.com\/pt\/wp-content\/uploads\/2025\/08\/1755375730_289_hqdefault.jpg\"\/><\/p>\n<p>Exibida na Globo \u00e0s 18h, entre 1995 e 1996, <a href=\"https:\/\/natelinha.uol.com.br\/novelas\/historia-de-amor\" rel=\"nofollow noopener\" target=\"_blank\">Hist\u00f3ria de Amor<\/a> foi escrita por Manoel Carlos, com colabora\u00e7\u00e3o de Elizabeth Jhin, Marcus Toledo e Maria Carolina. Teve dire\u00e7\u00e3o de Roberto Naar e Alexandre Avancini, dire\u00e7\u00e3o geral de Ricardo Waddington e dire\u00e7\u00e3o art\u00edstica de Paulo Ubiratan.<\/p>\n<p>O <strong>NaTelinha<\/strong> divulga todos os dias os resumos dos cap\u00edtulos, detalhes dos personagens, entrevistas exclusivas com o elenco e spoilers da novela Hist\u00f3ria de Amor. <a href=\"https:\/\/natelinha.uol.com.br\/novelas\" rel=\"nofollow noopener\" target=\"_blank\">Confira!<\/a><\/p>\n<p>continua depois da publicidade<\/p>\n","protected":false},"excerpt":{"rendered":"A Globo vai esticar a reta final de Hist\u00f3ria de Amor. Com boa audi\u00eancia, a reprise da novela&hellip;\n","protected":false},"author":2,"featured_media":56715,"comment_status":"","ping_status":"","sticky":false,"template":"","format":"standard","meta":{"footnotes":""},"categories":[142],"tags":[114,115,753,2228,16145,11549,32,33,8067,151],"class_list":{"0":"post-56714","1":"post","2":"type-post","3":"status-publish","4":"format-standard","5":"has-post-thumbnail","7":"category-tv","8":"tag-entertainment","9":"tag-entretenimento","10":"tag-globo","11":"tag-historia-de-amor","12":"tag-jose-mayer","13":"tag-manoel-carlos","14":"tag-portugal","15":"tag-pt","16":"tag-regina-duarte","17":"tag-tv"},"share_on_mastodon":{"url":"","error":""},"_links":{"self":[{"href":"https:\/\/www.europesays.com\/pt\/wp-json\/wp\/v2\/posts\/56714","targetHints":{"allow":["GET"]}}],"collection":[{"href":"https:\/\/www.europesays.com\/pt\/wp-json\/wp\/v2\/posts"}],"about":[{"href":"https:\/\/www.europesays.com\/pt\/wp-json\/wp\/v2\/types\/post"}],"author":[{"embeddable":true,"href":"https:\/\/www.europesays.com\/pt\/wp-json\/wp\/v2\/users\/2"}],"replies":[{"embeddable":true,"href":"https:\/\/www.europesays.com\/pt\/wp-json\/wp\/v2\/comments?post=56714"}],"version-history":[{"count":0,"href":"https:\/\/www.europesays.com\/pt\/wp-json\/wp\/v2\/posts\/56714\/revisions"}],"wp:featuredmedia":[{"embeddable":true,"href":"https:\/\/www.europesays.com\/pt\/wp-json\/wp\/v2\/media\/56715"}],"wp:attachment":[{"href":"https:\/\/www.europesays.com\/pt\/wp-json\/wp\/v2\/media?parent=56714"}],"wp:term":[{"taxonomy":"category","embeddable":true,"href":"https:\/\/www.europesays.com\/pt\/wp-json\/wp\/v2\/categories?post=56714"},{"taxonomy":"post_tag","embeddable":true,"href":"https:\/\/www.europesays.com\/pt\/wp-json\/wp\/v2\/tags?post=56714"}],"curies":[{"name":"wp","href":"https:\/\/api.w.org\/{rel}","templated":true}]}}