{"id":56778,"date":"2025-09-03T08:19:09","date_gmt":"2025-09-03T08:19:09","guid":{"rendered":"https:\/\/www.europesays.com\/pt\/56778\/"},"modified":"2025-09-03T08:19:09","modified_gmt":"2025-09-03T08:19:09","slug":"politicos-portugueses-assinam-apelo-para-proteger-flotilha-observador","status":"publish","type":"post","link":"https:\/\/www.europesays.com\/pt\/56778\/","title":{"rendered":"Pol\u00edticos portugueses assinam apelo para proteger flotilha \u2013 Observador"},"content":{"rendered":"<p>Acompanhe o <a href=\"https:\/\/observador.pt\/liveblogs\/belgica-vai-reconhecer-estado-da-palestina-na-proxima-assembleia-geral-da-onu\/\" rel=\"nofollow noopener\" target=\"_blank\">nosso liveblog sobre o conflito israelo-palestiniano<\/a><\/p>\n<p>Deputados, eurodeputados e autarcas de v\u00e1rios pa\u00edses europeus e sul-americanos subscreveram um apelo aos governos para garantir a prote\u00e7\u00e3o da Global Sumud Flotilla, a miss\u00e3o humanit\u00e1ria com destino a Gaza. Entre os subscritores portugueses est\u00e3o <strong>Pedro Nuno Santos<\/strong> (ex-l\u00edder do PS), <strong>Rui Tavares<\/strong> (Livre), <strong>In\u00eas Sousa Real<\/strong> (PAN),<strong> Mariana Mort\u00e1gua<\/strong> (que integra a miss\u00e3o no terreno) e <strong>Carla Castelo<\/strong>, vereadora independente de Oeiras.<\/p>\n<p>O documento pede \u201ca abertura de um corredor humanit\u00e1rio seguro e cont\u00ednuo para Gaza\u201d, a \u201cprote\u00e7\u00e3o da a\u00e7\u00e3o da flotilha\u201d por parte dos governos e institui\u00e7\u00f5es internacionais, bem como o cumprimento do \u201cdireito internacional humanit\u00e1rio\u201d.<\/p>\n<p>\u201cApelamos a todos os governos e institui\u00e7\u00f5es internacionais que protejam a flotilha at\u00e9 \u00e0 sua chegada, segura, a Gaza, <strong>garantindo que a sua miss\u00e3o n\u00e3o \u00e9 bloqueada nem amea\u00e7ada<\/strong>. Gostar\u00edamos de salientar que a iniciativa Global Sumud Flotilla \u00e9 uma iniciativa legal e que, por isso, n\u00e3o pode ser atacada ou bloqueada\u201d, pode ler-se.<\/p>\n<p>Os signat\u00e1rios sublinham, tamb\u00e9m, a necessidade de acabar com o \u201c<strong>uso da fome como arma de guerra<\/strong>\u201d e de respeitar o direito do povo palestiniano a viver em paz e liberdade. \u201cEste \u00e9 um imperativo moral, legal e humanit\u00e1rio. A popula\u00e7\u00e3o civil deve ter acesso a ajuda humanit\u00e1ria, livre de quaisquer constrangimentos ou atrasos\u201d, sublinharam.<\/p>\n<p>A mesma nota apontou, ainda, para a \u201c<strong>responsabilidade da comunidade internacional<\/strong>\u201c, destacando que \u201co direito internacional humanit\u00e1rio obriga todos os pa\u00edses a proteger os civis que se encontram em zonas de conflito e possibilitar a distribui\u00e7\u00e3o de ajuda humanit\u00e1ria\u201d.<\/p>\n<p>A organiza\u00e7\u00e3o da a\u00e7\u00e3o humanit\u00e1ria, Global Sumud Flotilla, destacou esta ter\u00e7a-feira em comunicado que a flotilha que saiu de Barcelona no domingo com o objetivo de chegar a Gaza segue o percurso planeado pelo Mediterr\u00e2neo, <a href=\"https:\/\/observador.pt\/2025\/09\/02\/flotilha-para-gaza-segue-viagem-sem-cinco-dos-barcos-mais-pequenos\/\" rel=\"nofollow noopener\" target=\"_blank\">mas sem cinco dos barcos mais pequenos<\/a>, por causa das condi\u00e7\u00f5es do mar.<\/p>\n<blockquote class=\"wp-embedded-content\" data-secret=\"GT4oUfz5Am\">\n<p><a href=\"https:\/\/observador.pt\/2025\/09\/02\/flotilha-para-gaza-segue-viagem-sem-cinco-dos-barcos-mais-pequenos\/\" rel=\"nofollow noopener\" target=\"_blank\">Flotilha para Gaza segue viagem sem cinco dos barcos mais pequenos<\/a><\/p>\n<\/blockquote>\n<p>Integram a Global Sumud Flotilla (\u201csumud\u201d \u00e9 uma palavra \u00e1rabe que significa \u201cresili\u00eancia\u201d) centenas de pessoas de 44 pa\u00edses, incluindo tr\u00eas portugueses: a deputada e dirigente do Bloco de Esquerda, o ativista Miguel Duarte e a atriz Sofia Apar\u00edcio. A organiza\u00e7\u00e3o prev\u00ea que a viagem at\u00e9 Gaza leve perto de duas semanas.<\/p>\n<p>Outra das participantes \u00e9 a ativista sueca Greta Thunberg, que apelou \u201c\u00e0 resist\u00eancia\u201d dos cidad\u00e3os face \u201cao fracasso\u201d dos governos para enfrentar \u201co genoc\u00eddio\u201d perpetrado por Israel em Gaza.<\/p>\n<p>A Global Sumud Flotilla tem recebido manifesta\u00e7\u00f5es de apoio de ativistas sociais, pol\u00edticos e outras figuras p\u00fablicas de renome internacional, como a atriz norte-americana Susan Sarandon e o ator irland\u00eas Liam Cunningham.<\/p>\n<p>Israel tem em curso uma ofensiva militar na Faixa de Gaza desde que sofreu um ataque do grupo islamista Hamas em 7 de outubro de 2023, que causou cerca de 1.200 mortos e 250 ref\u00e9ns. De acordo com dados divulgados pelas autoridades do enclave palestiniano, a ofensiva lan\u00e7ada por Israel em Gaza j\u00e1 fez mais de 63 mil mortos.<\/p>\n","protected":false},"excerpt":{"rendered":"Acompanhe o nosso liveblog sobre o conflito israelo-palestiniano Deputados, eurodeputados e autarcas de v\u00e1rios pa\u00edses europeus e sul-americanos&hellip;\n","protected":false},"author":2,"featured_media":56779,"comment_status":"","ping_status":"","sticky":false,"template":"","format":"standard","meta":{"footnotes":""},"categories":[50],"tags":[16156,27,28,311,257,15,16,255,14,259,25,26,21,22,310,62,12,13,19,20,23,24,17,18,29,30,31,63,64,65],"class_list":{"0":"post-56778","1":"post","2":"type-post","3":"status-publish","4":"format-standard","5":"has-post-thumbnail","7":"category-mundo","8":"tag-ajuda-humanitu00e1ria","9":"tag-breaking-news","10":"tag-breakingnews","11":"tag-conflito-israelo-palestiniano","12":"tag-faixa-de-gaza","13":"tag-featured-news","14":"tag-featurednews","15":"tag-hamas","16":"tag-headlines","17":"tag-israel","18":"tag-latest-news","19":"tag-latestnews","20":"tag-main-news","21":"tag-mainnews","22":"tag-mu00e9dio-oriente","23":"tag-mundo","24":"tag-news","25":"tag-noticias","26":"tag-noticias-principais","27":"tag-noticiasprincipais","28":"tag-principais-noticias","29":"tag-principaisnoticias","30":"tag-top-stories","31":"tag-topstories","32":"tag-ultimas","33":"tag-ultimas-noticias","34":"tag-ultimasnoticias","35":"tag-world","36":"tag-world-news","37":"tag-worldnews"},"share_on_mastodon":{"url":"","error":""},"_links":{"self":[{"href":"https:\/\/www.europesays.com\/pt\/wp-json\/wp\/v2\/posts\/56778","targetHints":{"allow":["GET"]}}],"collection":[{"href":"https:\/\/www.europesays.com\/pt\/wp-json\/wp\/v2\/posts"}],"about":[{"href":"https:\/\/www.europesays.com\/pt\/wp-json\/wp\/v2\/types\/post"}],"author":[{"embeddable":true,"href":"https:\/\/www.europesays.com\/pt\/wp-json\/wp\/v2\/users\/2"}],"replies":[{"embeddable":true,"href":"https:\/\/www.europesays.com\/pt\/wp-json\/wp\/v2\/comments?post=56778"}],"version-history":[{"count":0,"href":"https:\/\/www.europesays.com\/pt\/wp-json\/wp\/v2\/posts\/56778\/revisions"}],"wp:featuredmedia":[{"embeddable":true,"href":"https:\/\/www.europesays.com\/pt\/wp-json\/wp\/v2\/media\/56779"}],"wp:attachment":[{"href":"https:\/\/www.europesays.com\/pt\/wp-json\/wp\/v2\/media?parent=56778"}],"wp:term":[{"taxonomy":"category","embeddable":true,"href":"https:\/\/www.europesays.com\/pt\/wp-json\/wp\/v2\/categories?post=56778"},{"taxonomy":"post_tag","embeddable":true,"href":"https:\/\/www.europesays.com\/pt\/wp-json\/wp\/v2\/tags?post=56778"}],"curies":[{"name":"wp","href":"https:\/\/api.w.org\/{rel}","templated":true}]}}