{"id":56805,"date":"2025-09-03T08:51:38","date_gmt":"2025-09-03T08:51:38","guid":{"rendered":"https:\/\/www.europesays.com\/pt\/56805\/"},"modified":"2025-09-03T08:51:38","modified_gmt":"2025-09-03T08:51:38","slug":"cristina-ferreira-e-a-nova-dona-da-casa-que-guarda-a-mais-bonita-historia-de-amor","status":"publish","type":"post","link":"https:\/\/www.europesays.com\/pt\/56805\/","title":{"rendered":"Cristina Ferreira \u00e9 a nova dona da &#8220;casa que guarda a mais bonita hist\u00f3ria de amor&#8221;"},"content":{"rendered":"<p>Cristina Ferreira acaba de anunciar mais um novo projeto de vida. Para al\u00e9m de apresentadora e empres\u00e1ria <a href=\"https:\/\/versa.iol.pt\/beleza\/cristina-ferreira\/cristina-ferreira-leva-nos-a-falar-de-lubrificantes-liquidos-podem-mesmo-vibrar\/20250206\/67a4d67ad34ef72ee441ebfa\" rel=\"nofollow noopener\" target=\"_blank\">respons\u00e1vel pela marca Gira<\/a>, Cristina Ferreira \u00e9 agora tamb\u00e9m dona de uma casa que lhe diz muito.\u00a0<\/p>\n<p>&#8220;Eu nasci aqui. Porque aqui nasceu o meu pai. Esta \u00e9 a primeira casa da fam\u00edlia Ferreira. Onde muitos dos meus nasceram e cresceram. A \u00fanica mem\u00f3ria que tenho da minha av\u00f3 est\u00e1 neste port\u00e3o de entrada. Nem sei como a guardei. Tinha apenas dois anos. Quando ela morreu, h\u00e1 45 anos, o meu av\u00f4 morreu de amor. Ficou \u00e0 espera de a reencontrar anos a fio, desistiu mesmo de viver&#8221;, conta numa publica\u00e7\u00e3o de Instagram.\u00a0<\/p>\n<p>  <img loading=\"lazy\" decoding=\"async\" alt=\"\" height=\"699\" src=\"https:\/\/www.europesays.com\/pt\/wp-content\/uploads\/2025\/09\/68b55f76d34e3f0baea23308.webp\" width=\"400\"\/> <\/p>\n<p>    Cristina Ferreira | Fotografia: Instagram @dailycristina <\/p>\n<p>Esta hist\u00f3ria de amor est\u00e1 gravada na casa que Cristina Ferreira toma agora como sua para uma nova miss\u00e3o: reabilit\u00e1-la. Depois de v\u00e1rios anos sem ningu\u00e9m, foi-se desgastando com o tempo e \u00e0 espera de que algu\u00e9m voltasse a dar-lhe vida. E \u00e9 esse o novo desafio de Cristina Ferreira.\u00a0<\/p>\n<p>&#8220;Este \u00e9 um sonho antigo. Que come\u00e7a agora. Onde eles estiverem v\u00e3o gostar de ver a neta a p\u00f4r m\u00e3os \u00e0 obra. Pedra sobre pedra&#8221;, continua.\u00a0<\/p>\n<p>A t\u00edtulo de curiosidade, Cristina Ferreira segue assim a <a href=\"https:\/\/versa.iol.pt\/russia\/restauro\/da-russia-para-portugal-entramos-em-casa-e-na-historia-de-vida-de-tania\/20250830\/68af1aa2d34e3f0baea20c4f\" rel=\"nofollow noopener\" target=\"_blank\">tend\u00eancia atual de remodelar casas antigas<\/a>\u00a0no mercado imobili\u00e1rio. Investir em casas antigas \u00e9 uma\u00a0<a href=\"https:\/\/versa.iol.pt\/casa\/imobiliario\/sim-tambem-ha-casas-em-saldos-dizemos-te-o-que-podes-encontrar\/20250724\/68810583d34ef72ee448a822\" target=\"_blank\" wbo-id=\"34\" rel=\"nofollow noopener\">tend\u00eancia<\/a>\u00a0que tem vindo a ganhar adeptos em Portugal, quer pelos pre\u00e7os apelativos, quer pelo valor hist\u00f3rico. \u00c9 sempre algo que exige tempo e paci\u00eancia, perante os v\u00e1rios imprevistos que podem surgir, mas, quando falamos de uma casa de fam\u00edlia, a reabilita\u00e7\u00e3o ganha um outro valor.<\/p>\n<p>Mostramos o antes nas galeria de imagens, enquanto esperamos pelo depois.<\/p>\n","protected":false},"excerpt":{"rendered":"Cristina Ferreira acaba de anunciar mais um novo projeto de vida. Para al\u00e9m de apresentadora e empres\u00e1ria respons\u00e1vel&hellip;\n","protected":false},"author":2,"featured_media":56806,"comment_status":"","ping_status":"","sticky":false,"template":"","format":"standard","meta":{"footnotes":""},"categories":[145],"tags":[1081,2019,211,210,166,204,114,115,754,186,1079,32,33,9346,1078,1080],"class_list":{"0":"post-56805","1":"post","2":"type-post","3":"status-publish","4":"format-standard","5":"has-post-thumbnail","7":"category-celebridades","8":"tag-beleza","9":"tag-casa","10":"tag-celebridades","11":"tag-celebrities","12":"tag-cristina-ferreira","13":"tag-design","14":"tag-entertainment","15":"tag-entretenimento","16":"tag-gastronomia","17":"tag-lifestyle","18":"tag-moda","19":"tag-portugal","20":"tag-pt","21":"tag-reabilitacao","22":"tag-versa","23":"tag-viagens"},"share_on_mastodon":{"url":"","error":""},"_links":{"self":[{"href":"https:\/\/www.europesays.com\/pt\/wp-json\/wp\/v2\/posts\/56805","targetHints":{"allow":["GET"]}}],"collection":[{"href":"https:\/\/www.europesays.com\/pt\/wp-json\/wp\/v2\/posts"}],"about":[{"href":"https:\/\/www.europesays.com\/pt\/wp-json\/wp\/v2\/types\/post"}],"author":[{"embeddable":true,"href":"https:\/\/www.europesays.com\/pt\/wp-json\/wp\/v2\/users\/2"}],"replies":[{"embeddable":true,"href":"https:\/\/www.europesays.com\/pt\/wp-json\/wp\/v2\/comments?post=56805"}],"version-history":[{"count":0,"href":"https:\/\/www.europesays.com\/pt\/wp-json\/wp\/v2\/posts\/56805\/revisions"}],"wp:featuredmedia":[{"embeddable":true,"href":"https:\/\/www.europesays.com\/pt\/wp-json\/wp\/v2\/media\/56806"}],"wp:attachment":[{"href":"https:\/\/www.europesays.com\/pt\/wp-json\/wp\/v2\/media?parent=56805"}],"wp:term":[{"taxonomy":"category","embeddable":true,"href":"https:\/\/www.europesays.com\/pt\/wp-json\/wp\/v2\/categories?post=56805"},{"taxonomy":"post_tag","embeddable":true,"href":"https:\/\/www.europesays.com\/pt\/wp-json\/wp\/v2\/tags?post=56805"}],"curies":[{"name":"wp","href":"https:\/\/api.w.org\/{rel}","templated":true}]}}