{"id":56817,"date":"2025-09-03T09:09:10","date_gmt":"2025-09-03T09:09:10","guid":{"rendered":"https:\/\/www.europesays.com\/pt\/56817\/"},"modified":"2025-09-03T09:09:10","modified_gmt":"2025-09-03T09:09:10","slug":"pelo-menos-10-desalojados-em-lisboa-apos-queda-da-fachada-de-predio-antigo-lisboa","status":"publish","type":"post","link":"https:\/\/www.europesays.com\/pt\/56817\/","title":{"rendered":"Pelo menos 10 desalojados em Lisboa ap\u00f3s queda da fachada de pr\u00e9dio antigo | Lisboa"},"content":{"rendered":"<p>Pelo menos 10 pessoas ficaram desalojadas na madrugada desta quarta-feira devido \u00e0 queda da fachada lateral de um pr\u00e9dio antigo na freguesia de S\u00e3o Vicente, em Lisboa. O edif\u00edcio ruiu pelas 3h na Rua do Sol \u00e0 Gra\u00e7a, informaram os Sapadores Bombeiros.<\/p>\n<p>A queda da estrutura n\u00e3o causou v\u00edtimas, mas os habitantes de pr\u00e9dios vizinhos foram desalojados por as suas casas terem ficado sem condi\u00e7\u00f5es de habitabilidade.<\/p>\n<p>O edif\u00edcio antigo que ruiu estava a ser recuperado.<\/p>\n<p>Neste acidente estiveram 10 elementos do Regimento de Sapadores Bombeiros de Lisboa, apoiados por tr\u00eas viaturas.<\/p>\n","protected":false},"excerpt":{"rendered":"Pelo menos 10 pessoas ficaram desalojadas na madrugada desta quarta-feira devido \u00e0 queda da fachada lateral de um&hellip;\n","protected":false},"author":2,"featured_media":56818,"comment_status":"","ping_status":"","sticky":false,"template":"","format":"standard","meta":{"footnotes":""},"categories":[8],"tags":[1455,27,28,15,16,14,25,26,797,352,21,22,12,13,19,20,32,23,24,2376,33,17,18,29,30,31],"class_list":{"0":"post-56817","1":"post","2":"type-post","3":"status-publish","4":"format-standard","5":"has-post-thumbnail","7":"category-principais-noticias","8":"tag-acidentes","9":"tag-breaking-news","10":"tag-breakingnews","11":"tag-featured-news","12":"tag-featurednews","13":"tag-headlines","14":"tag-latest-news","15":"tag-latestnews","16":"tag-lisboa","17":"tag-local","18":"tag-main-news","19":"tag-mainnews","20":"tag-news","21":"tag-noticias","22":"tag-noticias-principais","23":"tag-noticiasprincipais","24":"tag-portugal","25":"tag-principais-noticias","26":"tag-principaisnoticias","27":"tag-proteccao-civil","28":"tag-pt","29":"tag-top-stories","30":"tag-topstories","31":"tag-ultimas","32":"tag-ultimas-noticias","33":"tag-ultimasnoticias"},"share_on_mastodon":{"url":"","error":""},"_links":{"self":[{"href":"https:\/\/www.europesays.com\/pt\/wp-json\/wp\/v2\/posts\/56817","targetHints":{"allow":["GET"]}}],"collection":[{"href":"https:\/\/www.europesays.com\/pt\/wp-json\/wp\/v2\/posts"}],"about":[{"href":"https:\/\/www.europesays.com\/pt\/wp-json\/wp\/v2\/types\/post"}],"author":[{"embeddable":true,"href":"https:\/\/www.europesays.com\/pt\/wp-json\/wp\/v2\/users\/2"}],"replies":[{"embeddable":true,"href":"https:\/\/www.europesays.com\/pt\/wp-json\/wp\/v2\/comments?post=56817"}],"version-history":[{"count":0,"href":"https:\/\/www.europesays.com\/pt\/wp-json\/wp\/v2\/posts\/56817\/revisions"}],"wp:featuredmedia":[{"embeddable":true,"href":"https:\/\/www.europesays.com\/pt\/wp-json\/wp\/v2\/media\/56818"}],"wp:attachment":[{"href":"https:\/\/www.europesays.com\/pt\/wp-json\/wp\/v2\/media?parent=56817"}],"wp:term":[{"taxonomy":"category","embeddable":true,"href":"https:\/\/www.europesays.com\/pt\/wp-json\/wp\/v2\/categories?post=56817"},{"taxonomy":"post_tag","embeddable":true,"href":"https:\/\/www.europesays.com\/pt\/wp-json\/wp\/v2\/tags?post=56817"}],"curies":[{"name":"wp","href":"https:\/\/api.w.org\/{rel}","templated":true}]}}