{"id":56819,"date":"2025-09-03T09:10:06","date_gmt":"2025-09-03T09:10:06","guid":{"rendered":"https:\/\/www.europesays.com\/pt\/56819\/"},"modified":"2025-09-03T09:10:06","modified_gmt":"2025-09-03T09:10:06","slug":"princesa-charlotte-quebra-tradicao-e-pediatra-alerta-e-diferente-dos-adultos","status":"publish","type":"post","link":"https:\/\/www.europesays.com\/pt\/56819\/","title":{"rendered":"Princesa Charlotte quebra tradi\u00e7\u00e3o e pediatra alerta: &#8216;\u00c9 diferente dos adultos&#8217;"},"content":{"rendered":"<p>Em conversa com a CARAS Brasil, pediatra alerta sobre riscos de atitude da princesa Charlotte e explica cuidados necess\u00e1rios<\/p>\n<p>Durante a final de Wimbledon, a princesa <a href=\"https:\/\/caras.com.br\/tags\/charlotte\" rel=\"nofollow noopener\" target=\"_blank\"><strong>Charlotte<\/strong><\/a> (10) chamou aten\u00e7\u00e3o ao surgir com as unhas pintadas em um vibrante tom de rosa. A escolha quebrou uma tradi\u00e7\u00e3o da fam\u00edlia real brit\u00e2nica, que costuma manter um visual mais discreto para as crian\u00e7as.<\/p>\n<p>Mas surge a d\u00favida: \u00e9 saud\u00e1vel <a href=\"https:\/\/caras.com.br\/realeza\/principe-william-curte-viagem-especial-so-com-filha-princesa-charlotte.phtml\" rel=\"nofollow noopener\" target=\"_blank\">para a filha<\/a> do <a href=\"https:\/\/caras.com.br\/tags\/principe-william\" rel=\"nofollow noopener\" target=\"_blank\">pr\u00edncipe <strong>William<\/strong><\/a> e da princesa <a href=\"https:\/\/caras.com.br\/tags\/kate-middleton\" rel=\"nofollow noopener\" target=\"_blank\"><strong>Kate Middleton<\/strong><\/a> usar esmaltes nessa idade? Para entender os riscos, a <strong>CARAS Brasil<\/strong> ouviu o pediatra <strong>Miguel Liberato<\/strong>, que fez importantes alertas sobre o uso de cosm\u00e9ticos na inf\u00e2ncia.<\/p>\n<p>A pele infantil absorve mais subst\u00e2ncias<\/p>\n<p>Questionado sobre os poss\u00edveis riscos de meninas usarem esmaltes com frequ\u00eancia, o m\u00e9dico foi direto:<\/p>\n<p>&#8220;A pele das crian\u00e7as \u00e9 diferente da dos adultos. \u00c9 mais fina, mais perme\u00e1vel e ainda est\u00e1 em desenvolvimento. Isso significa que ela pode absorver mais facilmente as subst\u00e2ncias presentes nos produtos aplicados&#8221;, explica.<\/p>\n<p>Segundo ele, a aten\u00e7\u00e3o deve ser redobrada: &#8220;O uso de cosm\u00e9ticos em crian\u00e7as \u2013 como perfumes, cremes, lo\u00e7\u00f5es e maquiagens \u2013 exige muita aten\u00e7\u00e3o. Alguns ingredientes presentes nesses produtos podem causar alergias e dist\u00farbios hormonais como a puberdade precoce.&#8221;<\/p>\n<p>Esmaltes infantis s\u00e3o diferentes dos convencionais<\/p>\n<p>O pediatra refor\u00e7a que a recomenda\u00e7\u00e3o \u00e9 evitar esmaltes de adultos em crian\u00e7as: &#8220;Devemos evitar ao m\u00e1ximo o uso dos esmaltes e cosm\u00e9ticos de adultos em crian\u00e7as, e os esmaltes infantis s\u00f3 devem ser utilizados a partir dos cinco anos&#8221;, alerta.<\/p>\n<p><strong>Leia tamb\u00e9m<\/strong>: <a href=\"https:\/\/caras.com.br\/horoscopo\/astrologa-aponta-ligacao-de-princesa-charlotte-com-diana-e-kate-middleton-ela-veio-para.phtml\" rel=\"nofollow noopener\" target=\"_blank\">Astr\u00f3loga aponta liga\u00e7\u00e3o de princesa Charlotte com Diana e Kate Middleton: &#8216;Ela veio para&#8230;&#8217;<\/a><\/p>\n<p>Ele ainda destaca a diferen\u00e7a entre as f\u00f3rmulas: &#8220;Diferentemente dos esmaltes convencionais, os esmaltes infantis n\u00e3o cont\u00eam solventes qu\u00edmicos. Por isso, t\u00eam cheiro diferente e podem ser removidos com \u00e1gua e sab\u00e3o, tendo como exclusiva fun\u00e7\u00e3o colorir as unhas.&#8221;<\/p>\n<p>Riscos a longo prazo<\/p>\n<p>Sobre fam\u00edlias que permitem o uso desde cedo, o pediatra ressalta que h\u00e1 componentes qu\u00edmicos preocupantes.<\/p>\n<p>&#8220;Sim, h\u00e1 alguns componentes qu\u00edmicos que podem levar \u00e0 irrita\u00e7\u00e3o, alergias e at\u00e9 altera\u00e7\u00f5es hormonais, como puberdade precoce e at\u00e9 problemas na tireoide.&#8221;<\/p>\n<p>Idade ideal para usar esmaltes<\/p>\n<p>Para os pais que t\u00eam d\u00favidas sobre quando liberar a pr\u00e1tica, o m\u00e9dico cita a recomenda\u00e7\u00e3o oficial: &#8220;No Brasil, a indica\u00e7\u00e3o da Anvisa \u00e9 que esses produtos sejam utilizados apenas ap\u00f3s os 12 anos. Em casos de crian\u00e7as menores, devemos sempre optar por produtos infantis que obede\u00e7am \u00e0s exig\u00eancias de seguran\u00e7a.&#8221;<\/p>\n<p>CONFIRA PUBLICA\u00c7\u00c3O RECENTE DA CARAS BRASIL\u00a0<a href=\"https:\/\/www.instagram.com\/carasbrasil\/\" rel=\"nofollow noopener\" target=\"_blank\">NAS REDES SOCIAIS<\/a>:<script async src=\"\/\/www.instagram.com\/embed.js\"><\/script><\/p>\n","protected":false},"excerpt":{"rendered":"Em conversa com a CARAS Brasil, pediatra alerta sobre riscos de atitude da princesa Charlotte e explica cuidados&hellip;\n","protected":false},"author":2,"featured_media":56820,"comment_status":"","ping_status":"","sticky":false,"template":"","format":"standard","meta":{"footnotes":""},"categories":[145],"tags":[211,210,16164,950,114,115,16162,4257,32,16161,16163,16165,8696,33,6547],"class_list":{"0":"post-56819","1":"post","2":"type-post","3":"status-publish","4":"format-standard","5":"has-post-thumbnail","7":"category-celebridades","8":"tag-celebridades","9":"tag-celebrities","10":"tag-charlotte","11":"tag-crianca","12":"tag-entertainment","13":"tag-entretenimento","14":"tag-esmaltes","15":"tag-kate-middleton","16":"tag-portugal","17":"tag-princesa","18":"tag-princesa-charlotte","19":"tag-princesa-kate-middleton","20":"tag-principe-william","21":"tag-pt","22":"tag-william"},"share_on_mastodon":{"url":"","error":""},"_links":{"self":[{"href":"https:\/\/www.europesays.com\/pt\/wp-json\/wp\/v2\/posts\/56819","targetHints":{"allow":["GET"]}}],"collection":[{"href":"https:\/\/www.europesays.com\/pt\/wp-json\/wp\/v2\/posts"}],"about":[{"href":"https:\/\/www.europesays.com\/pt\/wp-json\/wp\/v2\/types\/post"}],"author":[{"embeddable":true,"href":"https:\/\/www.europesays.com\/pt\/wp-json\/wp\/v2\/users\/2"}],"replies":[{"embeddable":true,"href":"https:\/\/www.europesays.com\/pt\/wp-json\/wp\/v2\/comments?post=56819"}],"version-history":[{"count":0,"href":"https:\/\/www.europesays.com\/pt\/wp-json\/wp\/v2\/posts\/56819\/revisions"}],"wp:featuredmedia":[{"embeddable":true,"href":"https:\/\/www.europesays.com\/pt\/wp-json\/wp\/v2\/media\/56820"}],"wp:attachment":[{"href":"https:\/\/www.europesays.com\/pt\/wp-json\/wp\/v2\/media?parent=56819"}],"wp:term":[{"taxonomy":"category","embeddable":true,"href":"https:\/\/www.europesays.com\/pt\/wp-json\/wp\/v2\/categories?post=56819"},{"taxonomy":"post_tag","embeddable":true,"href":"https:\/\/www.europesays.com\/pt\/wp-json\/wp\/v2\/tags?post=56819"}],"curies":[{"name":"wp","href":"https:\/\/api.w.org\/{rel}","templated":true}]}}