{"id":56991,"date":"2025-09-03T11:40:27","date_gmt":"2025-09-03T11:40:27","guid":{"rendered":"https:\/\/www.europesays.com\/pt\/56991\/"},"modified":"2025-09-03T11:40:27","modified_gmt":"2025-09-03T11:40:27","slug":"experiencia-imersiva-permite-ser-jogador-do-benfica-e-levantar-trofeu-da-liga","status":"publish","type":"post","link":"https:\/\/www.europesays.com\/pt\/56991\/","title":{"rendered":"Experi\u00eancia imersiva permite ser jogador do Benfica\u2026 e levantar trof\u00e9u da Liga"},"content":{"rendered":"<p>Por alguns minutos j\u00e1 \u00e9 poss\u00edvel incorporar a pele de um jogador do <a class=\"autolink-enabled\" data-resource-id=\"450\" data-resource-type=\"team\" data-sport=\"football\" href=\"https:\/\/www.abola.pt\/futebol\/benfica-450\" rel=\"nofollow noopener\" target=\"_blank\">Benfica<\/a> e levantar o trof\u00e9u da Liga \u2013 dois momentos proporcionados pelo clube encarnado numa experi\u00eancia imersiva que, a partir de agora, est\u00e1 contemplada nas visitas <a class=\"autolink-enabled\" data-resource-id=\"450\" data-resource-type=\"team\" data-sport=\"football\" href=\"https:\/\/www.abola.pt\/futebol\/benfica-450\" rel=\"nofollow noopener\" target=\"_blank\">Benfica<\/a> Tour 360\u00b0 ao Est\u00e1dio da Luz.<\/p>\n<p>A Benfica Imersivo \u00e9 feita atrav\u00e9s de tecnologia LTVR, pioneira no setor, e conta com os grafismos mais avan\u00e7ados da Europa e permite, atrav\u00e9s do uso de \u00f3culos de realidade virtual, fazer parte de uma experi\u00eancia que inclui personificar um dos jogadores do plantel encarnado \u2013 a <strong>A BOLA<\/strong> calhou em sorte ser Fredrik Aursnes &#8211; \u00a0conhecer a hist\u00f3ria e recordar os momentos mais altos do clube, viajar em plataformas em aparente movimento e at\u00e9 voar sobre o relvado da Luz.<\/p>\n<p>No final, a atividade permite erguer virtualmente o trof\u00e9u de campe\u00e3o da Liga portuguesa \u2013 um sonho que pode ser realizado por aqueles que visitem o recinto benfiquista, sendo que a expectativa dos respons\u00e1veis encarnados passa por continuar a tend\u00eancia de crescimento das \u00faltimas duas temporadas &#8211; 23\/24 foram 231.928 os visitantes no tour ao Est\u00e1dio da Luz, n\u00famero que aumentou para as 236.314 na \u00e9poca transata (65% de pessoas de nacionalidade estrangeira).<\/p>\n<p>Uma experi\u00eancia que orgulha Jos\u00e9 Gandarez, vice-presidente para as \u00e1reas Comercial e de Rela\u00e7\u00f5es Institucionais do clube encarnado e membro do Conselho de Administra\u00e7\u00e3o da <a target=\"_blank\" class=\"editor-link autolink-enabled\" href=\"https:\/\/www.abola.pt\/futebol\/benfica-450\" data-resource-id=\"450\" data-resource-type=\"team\" data-sport=\"football\" rel=\"nofollow noopener\">Benfica<\/a> SAD.<\/p>\n<p>\u00abO Benfica Imersivo faz parte de uma aposta que a equipa de marketing do Benfica tem vindo paulatinamente a adotar, que \u00e9 aumentar o n\u00famero de visitas ao museu e ao est\u00e1dio. Faz parte de uma estrat\u00e9gia de termos uma experi\u00eancia cada vez melhor e maior para quem nos visita e isto que hoje tiveram a oportunidade de experienciar \u00e9 uma inova\u00e7\u00e3o, que s\u00f3 o Manchester City e o Benfica nesta fase, t\u00eam\u00bb, revela.<\/p>\n<p>\u00abS\u00f3 quem passa por esta tecnologia percebe a mais-valia e a experi\u00eancia realmente inovadora que temos e \u00e9 este tipo de experi\u00eancia que nos coloca na linha da frente da inova\u00e7\u00e3o e nos faz hoje ter cerca de 250 mil pessoas por ano a visitar o nosso est\u00e1dio e o nosso museu. \u00c9 uma oferta que temos para todos os s\u00f3cios do Benfica, adeptos e turistas que v\u00eam a Lisboa vivenciarem e cerca de 65% das nossas visitas s\u00e3o de n\u00e3o-portugueses, de estrangeiros, e cada vez mais jovens\u00bb, revela o dirigente.<\/p>\n<p>Jos\u00e9 Gandarez juntou esta atividade a v\u00e1rias j\u00e1 existentes e anuncia outras que ir\u00e3o seguir-se. \u00abEntrar nesta realidade imersiva e virtual e perceber a hist\u00f3ria do <a class=\"autolink-enabled\" data-resource-id=\"450\" data-resource-type=\"team\" data-sport=\"football\" href=\"https:\/\/www.abola.pt\/futebol\/benfica-450\" rel=\"nofollow noopener\" target=\"_blank\">Benfica<\/a> \u00e9 uma experi\u00eancia diferente, tal como hoje em dia temos pessoas a fazer slide no est\u00e1dio, vamos ter escalada, escape rooms, visitas ao est\u00e1dio \u00e0 noite\u2026 temos cada vez mais novas experi\u00eancias para os s\u00f3cios, os benfiquistas, os n\u00e3o benfiquistas, virem ver o est\u00e1dio e terem uma experi\u00eancia diferente e gratificante\u00bb, constatou, por fim.<\/p>\n","protected":false},"excerpt":{"rendered":"Por alguns minutos j\u00e1 \u00e9 poss\u00edvel incorporar a pele de um jogador do Benfica e levantar o trof\u00e9u&hellip;\n","protected":false},"author":2,"featured_media":56992,"comment_status":"","ping_status":"","sticky":false,"template":"","format":"standard","meta":{"footnotes":""},"categories":[8],"tags":[27,28,15,16,14,25,26,21,22,12,13,19,20,32,23,24,33,17,18,29,30,31],"class_list":{"0":"post-56991","1":"post","2":"type-post","3":"status-publish","4":"format-standard","5":"has-post-thumbnail","7":"category-principais-noticias","8":"tag-breaking-news","9":"tag-breakingnews","10":"tag-featured-news","11":"tag-featurednews","12":"tag-headlines","13":"tag-latest-news","14":"tag-latestnews","15":"tag-main-news","16":"tag-mainnews","17":"tag-news","18":"tag-noticias","19":"tag-noticias-principais","20":"tag-noticiasprincipais","21":"tag-portugal","22":"tag-principais-noticias","23":"tag-principaisnoticias","24":"tag-pt","25":"tag-top-stories","26":"tag-topstories","27":"tag-ultimas","28":"tag-ultimas-noticias","29":"tag-ultimasnoticias"},"share_on_mastodon":{"url":"","error":""},"_links":{"self":[{"href":"https:\/\/www.europesays.com\/pt\/wp-json\/wp\/v2\/posts\/56991","targetHints":{"allow":["GET"]}}],"collection":[{"href":"https:\/\/www.europesays.com\/pt\/wp-json\/wp\/v2\/posts"}],"about":[{"href":"https:\/\/www.europesays.com\/pt\/wp-json\/wp\/v2\/types\/post"}],"author":[{"embeddable":true,"href":"https:\/\/www.europesays.com\/pt\/wp-json\/wp\/v2\/users\/2"}],"replies":[{"embeddable":true,"href":"https:\/\/www.europesays.com\/pt\/wp-json\/wp\/v2\/comments?post=56991"}],"version-history":[{"count":0,"href":"https:\/\/www.europesays.com\/pt\/wp-json\/wp\/v2\/posts\/56991\/revisions"}],"wp:featuredmedia":[{"embeddable":true,"href":"https:\/\/www.europesays.com\/pt\/wp-json\/wp\/v2\/media\/56992"}],"wp:attachment":[{"href":"https:\/\/www.europesays.com\/pt\/wp-json\/wp\/v2\/media?parent=56991"}],"wp:term":[{"taxonomy":"category","embeddable":true,"href":"https:\/\/www.europesays.com\/pt\/wp-json\/wp\/v2\/categories?post=56991"},{"taxonomy":"post_tag","embeddable":true,"href":"https:\/\/www.europesays.com\/pt\/wp-json\/wp\/v2\/tags?post=56991"}],"curies":[{"name":"wp","href":"https:\/\/api.w.org\/{rel}","templated":true}]}}