{"id":57021,"date":"2025-09-03T12:10:15","date_gmt":"2025-09-03T12:10:15","guid":{"rendered":"https:\/\/www.europesays.com\/pt\/57021\/"},"modified":"2025-09-03T12:10:15","modified_gmt":"2025-09-03T12:10:15","slug":"esposa-de-william-bonner-deixa-fisioterapia-e-vira-artesa-02-09-2025-celebridades","status":"publish","type":"post","link":"https:\/\/www.europesays.com\/pt\/57021\/","title":{"rendered":"Esposa de William Bonner deixa fisioterapia e vira artes\u00e3 &#8211; 02\/09\/2025 &#8211; Celebridades"},"content":{"rendered":"<p>\n<strong class=\"c-signature__location\">Rio de Janeiro<\/strong>\n<\/p>\n<p>Parece que n\u00e3o foi s\u00f3 <a href=\"https:\/\/www1.folha.uol.com.br\/folha-topicos\/william-bonner\/\" rel=\"nofollow noopener\" target=\"\">William Bonner<\/a>, 61, que decidiu recome\u00e7ar profissionalmente dentro de casa. H\u00e1 dois anos, sua esposa, <a href=\"https:\/\/f5.folha.uol.com.br\/celebridades\/2021\/11\/mulher-de-william-bonner-diz-que-nao-e-ciumenta-ele-e-um-gato-eu-que-lute.shtml\" rel=\"nofollow noopener\" target=\"\">Natasha Dantas,<\/a> 55, resolveu dar um tempo na fisioterapia e se dedicar \u00e0s artes. O hobby de produzir pe\u00e7as de cer\u00e2mica rapidamente se transformou em profiss\u00e3o, culminando na abertura de um ateli\u00ea na Zona Sul do Rio de Janeiro.<\/p>\n","protected":false},"excerpt":{"rendered":"Rio de Janeiro Parece que n\u00e3o foi s\u00f3 William Bonner, 61, que decidiu recome\u00e7ar profissionalmente dentro de casa.&hellip;\n","protected":false},"author":2,"featured_media":57022,"comment_status":"","ping_status":"","sticky":false,"template":"","format":"standard","meta":{"footnotes":""},"categories":[145],"tags":[219,211,210,223,114,115,224,225,16181,226,753,221,220,222,2515,1428,32,33,218,228,227,9211],"class_list":{"0":"post-57021","1":"post","2":"type-post","3":"status-publish","4":"format-standard","5":"has-post-thumbnail","7":"category-celebridades","8":"tag-bichos","9":"tag-celebridades","10":"tag-celebrities","11":"tag-colunistas","12":"tag-entertainment","13":"tag-entretenimento","14":"tag-estranho","15":"tag-eu-amo","16":"tag-ftima-bernardes","17":"tag-fofices","18":"tag-globo","19":"tag-horoscopo","20":"tag-humanos","21":"tag-humor","22":"tag-jornal-nacional","23":"tag-jornalismo","24":"tag-portugal","25":"tag-pt","26":"tag-televisao","27":"tag-tudo","28":"tag-videos","29":"tag-william-bonner"},"share_on_mastodon":{"url":"","error":""},"_links":{"self":[{"href":"https:\/\/www.europesays.com\/pt\/wp-json\/wp\/v2\/posts\/57021","targetHints":{"allow":["GET"]}}],"collection":[{"href":"https:\/\/www.europesays.com\/pt\/wp-json\/wp\/v2\/posts"}],"about":[{"href":"https:\/\/www.europesays.com\/pt\/wp-json\/wp\/v2\/types\/post"}],"author":[{"embeddable":true,"href":"https:\/\/www.europesays.com\/pt\/wp-json\/wp\/v2\/users\/2"}],"replies":[{"embeddable":true,"href":"https:\/\/www.europesays.com\/pt\/wp-json\/wp\/v2\/comments?post=57021"}],"version-history":[{"count":0,"href":"https:\/\/www.europesays.com\/pt\/wp-json\/wp\/v2\/posts\/57021\/revisions"}],"wp:featuredmedia":[{"embeddable":true,"href":"https:\/\/www.europesays.com\/pt\/wp-json\/wp\/v2\/media\/57022"}],"wp:attachment":[{"href":"https:\/\/www.europesays.com\/pt\/wp-json\/wp\/v2\/media?parent=57021"}],"wp:term":[{"taxonomy":"category","embeddable":true,"href":"https:\/\/www.europesays.com\/pt\/wp-json\/wp\/v2\/categories?post=57021"},{"taxonomy":"post_tag","embeddable":true,"href":"https:\/\/www.europesays.com\/pt\/wp-json\/wp\/v2\/tags?post=57021"}],"curies":[{"name":"wp","href":"https:\/\/api.w.org\/{rel}","templated":true}]}}